{"274531":{"titulo":"S\u00e9rie B: Vila Nova perde ex-zagueiro do Guarani e atacante para o exterior","link":"https:\/\/www.futebolinterior.com.br\/serie-b-vila-nova-perde-ex-zagueiro-do-guarani-e-atacante-para-o-exterior\/","chapeu":"BAIXAS","data":"27\/06\/2019","imagem":"https:\/\/images.futebolinterior.com.br\/2020\/11\/0002050397610_img-300x183.jpg","resumo":"Philipe Maia e Juninho estavam emprestados e foram liberados ap\u00f3s receberem propostas do exterior"},"274537":{"titulo":"Se recuperando, meia pode refor\u00e7ar a Ponte na volta da S\u00e9rie B","link":"https:\/\/www.futebolinterior.com.br\/se-recuperando-meia-pode-reforcar-a-ponte-na-volta-da-serie-b\/","chapeu":"BOA NOT\u00cdCIA","data":"27\/06\/2019","imagem":"https:\/\/images.futebolinterior.com.br\/2020\/11\/0002050397572_img-300x227.jpg","resumo":"Rafael Longuine vem mostrando evolu\u00e7\u00e3o na recupera\u00e7\u00e3o de uma les\u00e3o muscular na coxa direita"},"332762":{"titulo":"S\u00e9rie B: Poffo treina como titular no Figueirense e pode estrear na temporada","link":"https:\/\/www.futebolinterior.com.br\/serie-b-poffo-treina-como-titular-no-figueirense-e-pode-estrear-na-temporada\/","chapeu":"RECUPERADO","data":"27\/06\/2019","imagem":"https:\/\/images.futebolinterior.com.br\/2021\/04\/0002050397568_img-300x201.jpg","resumo":"Jovem de 21 anos est\u00e1 sem jogar desde dezembro do ano passado, quando sofreu uma les\u00e3o no joelho"},"332772":{"titulo":"Ex-goleiro da Ponte Preta, Aranha aparece acima do peso e viraliza na internet","link":"https:\/\/www.futebolinterior.com.br\/ex-goleiro-da-ponte-preta-aranha-aparece-acima-do-peso-e-viraliza-na-internet\/","chapeu":"QUE ISSO","data":"27\/06\/2019","imagem":"https:\/\/images.futebolinterior.com.br\/2021\/04\/0002050397562_img-300x171.jpg","resumo":"Aranha assustou os torcedores na \u00faltima quarta-feira, em um amistoso beneficente entre os amigos do Falc\u00e3o e os amigos de Giovanni"},"274544":{"titulo":"Com base do time da S\u00e9rie B, Guto Ferreira esbo\u00e7a Sport para amistoso contra CSA","link":"https:\/\/www.futebolinterior.com.br\/com-base-do-time-da-serie-b-guto-ferreira-esboca-sport-para-amistoso-contra-csa\/","chapeu":"QUASE DEFINIDO","data":"27\/06\/2019","imagem":"https:\/\/images.futebolinterior.com.br\/2020\/11\/0002050397558_img-300x203.png","resumo":"Treinador mant\u00e9m boa parte da equipe que jogou o Brasileiro entre os titulares"},"332780":{"titulo":"S\u00e9rie B: Ex-volante de Gr\u00eamio e Guarani \u00e9 apresentado no Londrina","link":"https:\/\/www.futebolinterior.com.br\/serie-b-ex-volante-de-gremio-e-guarani-e-apresentado-no-londrina\/","chapeu":"CHEGOU","data":"27\/06\/2019","imagem":"https:\/\/images.futebolinterior.com.br\/2021\/04\/0002050397551_img-300x200.jpg","resumo":"O jogador passou por clubes como Tombense, Vila Nova, Guarani, Gr\u00eamio e Coritiba"},"274546":{"titulo":"S\u00e9rie B: CRB acerta com lateral-direito do Botafogo-PB","link":"https:\/\/www.futebolinterior.com.br\/serie-b-crb-acerta-com-lateral-direito-do-botafogo-pb\/","chapeu":"REFOR\u00c7O!","data":"27\/06\/2019","imagem":"https:\/\/images.futebolinterior.com.br\/2020\/11\/0002050397550_img-300x214.jpg","resumo":"O jogador j\u00e1 treina com os demais companheiros e deve ficar \u00e0 disposi\u00e7\u00e3o ap\u00f3s a pausa para a Copa Am\u00e9rica"},"332784":{"titulo":"Coritiba recupera jogadores lesionados visando retorno da S\u00e9rie B","link":"https:\/\/www.futebolinterior.com.br\/coritiba-recupera-jogadores-lesionados-visando-retorno-da-serie-b\/","chapeu":"REFOR\u00c7OS","data":"27\/06\/2019","imagem":"https:\/\/images.futebolinterior.com.br\/2021\/04\/0002050397549_img-300x225.jpg","resumo":"Os meias Rafinha e Giovanni j\u00e1 realizam atividades de transi\u00e7\u00e3o e logo devem treinar normalmente com o elenco"},"274554":{"titulo":"S\u00e9rie B: Separados por 16 anos, laterais do Crici\u00fama disputam vaga no time titular","link":"https:\/\/www.futebolinterior.com.br\/serie-b-separados-por-16-anos-laterais-do-criciuma-disputam-vaga-no-time-titular\/","chapeu":"BRIGA BOA","data":"27\/06\/2019","imagem":"https:\/\/images.futebolinterior.com.br\/2020\/11\/0002050397540_img-300x198.jpg","resumo":"Amigos fora de campo, Marcos Vin\u00edcius e Maicon concorrem por um mesmo espa\u00e7o no time de Gilson Kleina"},"332796":{"titulo":"Chapecoense e Oper\u00e1rio-PR marcam amistoso no dia da final da Copa Am\u00e9rica","link":"https:\/\/www.futebolinterior.com.br\/chapecoense-e-operario-pr-marcam-amistoso-no-dia-da-final-da-copa-america\/","chapeu":"JOGO-TREINO","data":"27\/06\/2019","imagem":"https:\/\/images.futebolinterior.com.br\/2021\/04\/0002050397535_img-300x200.jpg","resumo":"As equipes seguem treinando e visando o retorno das competi\u00e7\u00f5es nacionais"}}