{"274470":{"titulo":"Amistoso entre Botafogo-SP e Corinthians marca inaugura\u00e7\u00e3o da Arena Eurobike","link":"https:\/\/www.futebolinterior.com.br\/amistoso-entre-botafogo-sp-e-corinthians-marca-inauguracao-da-arena-eurobike\/","chapeu":"MARCO","data":"28\/06\/2019","imagem":"https:\/\/images.futebolinterior.com.br\/2020\/11\/0002050397754_img-300x174.jpg","resumo":"A bola vai rolar a partir das 20 horas, mas antes os torcedores poder\u00e3o assistir a shows"},"274478":{"titulo":"S\u00e9rie B: \u00cddolo n\u00e3o aceita acordo e segue cobrando Sport na Justi\u00e7a","link":"https:\/\/www.futebolinterior.com.br\/serie-b-idolo-nao-aceita-acordo-e-segue-cobrando-sport-na-justica\/","chapeu":"NOVELA SEM FIM","data":"28\/06\/2019","imagem":"https:\/\/images.futebolinterior.com.br\/2020\/11\/0002050397744_img-300x230.jpg","resumo":"Magr\u00e3o estaria pedindo cerca de R$ 5 milh\u00f5es referentes a sal\u00e1rios atrasados"},"274480":{"titulo":"S\u00e9rie B: Pretendido por outros clubes, atacante do Am\u00e9rica-MG treina em separado","link":"https:\/\/www.futebolinterior.com.br\/serie-b-pretendido-por-outros-clubes-atacante-do-america-mg-treina-em-separado\/","chapeu":"DE SA\u00cdDA","data":"28\/06\/2019","imagem":"https:\/\/images.futebolinterior.com.br\/2020\/11\/0002050397742_img-300x200.jpg","resumo":"J\u00fanior Vi\u00e7osa perdeu espa\u00e7o desde a chegada do t\u00e9cnico Maur\u00edcio Barbieri e n\u00e3o foi relacionado para os \u00faltimos tr\u00eas jogos"},"332646":{"titulo":"S\u00e9rie B: Figueirense aguarda detalhes para anunciar atacante do Gr\u00eamio","link":"https:\/\/www.futebolinterior.com.br\/serie-b-figueirense-aguarda-detalhes-para-anunciar-atacante-do-gremio\/","chapeu":"QUASE CERTO","data":"28\/06\/2019","imagem":"https:\/\/images.futebolinterior.com.br\/2021\/04\/0002050397724_img-300x208.jpg","resumo":"Yuri Mamute estava emprestado ao \u00c1gua Santa e jogou apenas duas partidas nesta temporada"},"274482":{"titulo":"S\u00e9rie B: Cuiab\u00e1 anuncia lateral-esquerdo ex-Novorizontino","link":"https:\/\/www.futebolinterior.com.br\/serie-b-cuiaba-anuncia-lateral-esquerdo-ex-novorizontino\/","chapeu":"MAIS REFOR\u00c7O","data":"28\/06\/2019","imagem":"https:\/\/images.futebolinterior.com.br\/2020\/11\/0002050397722_img-300x300.jpg","resumo":"Paulinho \u00e9 o quarto refor\u00e7o do time durante o per\u00edodo de pausa da Copa Am\u00e9rica"},"274489":{"titulo":"S\u00e9rie B: Dinheiro curto dificulta CRB na busca por refor\u00e7os","link":"https:\/\/www.futebolinterior.com.br\/serie-b-dinheiro-curto-dificulta-crb-na-busca-por-reforcos\/","chapeu":"COMPLICADO","data":"28\/06\/2019","imagem":"https:\/\/images.futebolinterior.com.br\/2020\/11\/0002050397720_img-300x200.jpg","resumo":"A diretoria regatiana n\u00e3o chegou a um acordo com Lucas Frigeri, Bruno Grassi e J\u00fanior Vi\u00e7osa"},"274502":{"titulo":"Meia promete tirar Vit\u00f3ria da lanterna da S\u00e9rie B: 'Mudaremos esse cen\u00e1rio'","link":"https:\/\/www.futebolinterior.com.br\/meia-promete-tirar-vitoria-da-lanterna-da-serie-b-mudaremos-esse-cenario\/","chapeu":"FOR\u00c7A QUE D\u00c1","data":"28\/06\/2019","imagem":"https:\/\/images.futebolinterior.com.br\/2020\/11\/0002050397696_img-300x197.png","resumo":"Ruy j\u00e1 foi campe\u00e3o do torneio em 2017 e v\u00ea per\u00edodo de treinamentos como positivo para qualificar o time"},"332677":{"titulo":"Guarani anuncia dupla de refor\u00e7os para a sequ\u00eancia da S\u00e9rie B","link":"https:\/\/www.futebolinterior.com.br\/guarani-anuncia-dupla-de-reforcos-para-a-sequencia-da-serie-b\/","chapeu":"NOVIDADES","data":"28\/06\/2019","imagem":"https:\/\/images.futebolinterior.com.br\/2021\/04\/0002050397690_img-300x300.jpg","resumo":"Meia Filipe Cirne e atacante Michel Douglas chegam ao Brinco de Ouro"},"274510":{"titulo":"Baraka, ex-volante de Ponte Preta e Guarani, se aproxima de time da S\u00e9rie B","link":"https:\/\/www.futebolinterior.com.br\/baraka-ex-volante-de-ponte-preta-e-guarani-se-aproxima-de-time-da-serie-b\/","chapeu":"CHEGANDO...","data":"28\/06\/2019","imagem":"https:\/\/images.futebolinterior.com.br\/2020\/11\/0002050397688_img-300x112.jpg","resumo":"Experiente jogador, que estava no saudita Al-Batin, j\u00e1 chegou a Salvador e deve assinar contrato com o Vit\u00f3ria"},"274516":{"titulo":"S\u00e9rie B: Atacante que disputou a Libertadores est\u00e1 pr\u00f3ximo do Oper\u00e1rio","link":"https:\/\/www.futebolinterior.com.br\/serie-b-atacante-que-disputou-a-libertadores-esta-proximo-do-operario\/","chapeu":"NOVO 9","data":"27\/06\/2019","imagem":"https:\/\/images.futebolinterior.com.br\/2020\/11\/0002050397644_img-300x200.jpg","resumo":"Lucas Ga\u00facho foi revelado pelo S\u00e3o Paulo e defendeu o Jorge Wilstermann nas \u00faltimas duas temporadas"}}