{"332798":{"titulo":"L\u00edder da S\u00e9rie A, Palmeiras marca jogo-treino contra time da S\u00e9rie B","link":"https:\/\/www.futebolinterior.com.br\/lider-da-serie-a-palmeiras-marca-jogo-treino-contra-time-da-serie-b\/","chapeu":"MAIS UM TESTE","data":"27\/06\/2019","imagem":"https:\/\/images.futebolinterior.com.br\/2021\/04\/0002050397534_img-300x176.png","resumo":"Partida preparat\u00f3ria ser\u00e1 contra o Oper\u00e1rio-PR na Academia de Futebol, em S\u00e3o Paulo"},"274564":{"titulo":"Paran\u00e1 faz mist\u00e9rio quando a novos uniformes e promete realizar sonho de s\u00f3cios","link":"https:\/\/www.futebolinterior.com.br\/parana-faz-misterio-quando-a-novos-uniformes-e-promete-realizar-sonho-de-socios\/","chapeu":"NOVO FORNECEDOR","data":"27\/06\/2019","imagem":"https:\/\/images.futebolinterior.com.br\/2020\/11\/0002050397523_img-300x201.png","resumo":"Clube ter\u00e1 marca pr\u00f3rpria de material esportivo em substitui\u00e7\u00e3o \u00e0 Topper"},"274567":{"titulo":"Vila Nova apresenta terceiro uniforme; estreia ser\u00e1 contra Corinthians","link":"https:\/\/www.futebolinterior.com.br\/vila-nova-apresenta-terceiro-uniforme-estreia-sera-contra-corinthians\/","chapeu":"ROUPA NOVA","data":"27\/06\/2019","imagem":"https:\/\/images.futebolinterior.com.br\/2020\/11\/0002050397520_img-300x267.jpg","resumo":"Camisa ser\u00e1 na linha retr\u00f4 e \u00e9 vendida a pre\u00e7o promocional at\u00e9 o come\u00e7o de julho"},"274575":{"titulo":"Para voltar voando na S\u00e9rie B, Botafogo-SP leva a s\u00e9rio amistoso com Corinthians","link":"https:\/\/www.futebolinterior.com.br\/para-voltar-voando-na-serie-b-botafogo-sp-leva-a-serio-amistoso-com-corinthians\/","chapeu":"DESAFIO","data":"27\/06\/2019","imagem":"https:\/\/images.futebolinterior.com.br\/2020\/11\/0002050397506_img-300x214.png","resumo":"Meia Murilo relembra gol marcado no Paulista, ainda pelo Novorizontino, contra o Tim\u00e3o e usa como motiva\u00e7\u00e3o extra"},"274579":{"titulo":"Goleiro Giovanni deixa o Guarani e deve acertar com o Paysandu","link":"https:\/\/www.futebolinterior.com.br\/goleiro-giovanni-deixa-o-guarani-e-deve-acertar-com-o-paysandu\/","chapeu":"AGORA \u00c9 OFICIAL","data":"27\/06\/2019","imagem":"https:\/\/images.futebolinterior.com.br\/2020\/11\/0002050397491_img-300x166.jpg","resumo":"O jogador n\u00e3o vinha treinando e teve sua rescis\u00e3o de contrato confirmada pela diretoria em nota oficial"},"332861":{"titulo":"JAP\u00c3O: T\u00e9cnico brasileiro vai receber novo artilheiro para brigar pelo acesso","link":"https:\/\/www.futebolinterior.com.br\/japao-tecnico-brasileiro-vai-receber-novo-artilheiro-para-brigar-pelo-acesso\/","chapeu":"YOKOSOU !","data":"26\/06\/2019","imagem":"https:\/\/images.futebolinterior.com.br\/2021\/04\/0002050397467_img-300x144.jpg","resumo":"Al\u00e9m de J\u00fanior Santos, do Fortaleza, o Reysol tamb\u00e9m levou Matheus S\u00e1vio, que pertence ao Flamengo e estava no CSA"},"274588":{"titulo":"S\u00e9rie B: Apesar da situa\u00e7\u00e3o delicada, elenco do Am\u00e9rica-MG ainda confia no acesso","link":"https:\/\/www.futebolinterior.com.br\/serie-b-apesar-da-situacao-delicada-elenco-do-america-mg-ainda-confia-no-acesso\/","chapeu":"AINDA D\u00c1?","data":"26\/06\/2019","imagem":"https:\/\/images.futebolinterior.com.br\/2020\/11\/0002050397425_img-300x200.jpg","resumo":"Hoje, a diferen\u00e7a do Coelho para a Ponte Preta, que abre o G4, \u00e9 de dez pontos"},"274595":{"titulo":"S\u00e9rie B: Diretoria do CRB coloca goleiro e atacante como prioridades","link":"https:\/\/www.futebolinterior.com.br\/serie-b-diretoria-do-crb-coloca-goleiro-e-atacante-como-prioridades\/","chapeu":"NO MERCADO","data":"26\/06\/2019","imagem":"https:\/\/images.futebolinterior.com.br\/2020\/11\/0002050397413_img-300x216.jpg","resumo":"Lucas Frigeri e Bruno Grassi foram oferecidos para o gol, enquanto J\u00fanior Vi\u00e7osa \u00e9 o plano A para o ataque"},"274603":{"titulo":"Time do Brasileir\u00e3o faz sondagem por zagueiro da Ponte Preta","link":"https:\/\/www.futebolinterior.com.br\/time-do-brasileirao-faz-sondagem-por-zagueiro-da-ponte-preta\/","chapeu":"EM ALTA","data":"26\/06\/2019","imagem":"https:\/\/images.futebolinterior.com.br\/2020\/11\/0002050397389_img-300x199.jpg","resumo":"Reginaldo est\u00e1 emprestado para a Macaca pelo Fluminense at\u00e9 o dia 2 de dezembro deste ano"},"274605":{"titulo":"Alecsandro recebe propostas de equipes da S\u00e9rie A e C para deixar o S\u00e3o Bento","link":"https:\/\/www.futebolinterior.com.br\/alecsandro-recebe-propostas-de-equipes-da-serie-a-e-c-para-deixar-o-sao-bento\/","chapeu":"QUEM LEVA?","data":"26\/06\/2019","imagem":"https:\/\/images.futebolinterior.com.br\/2020\/11\/0002050397386_img-300x171.jpg","resumo":"O jogador vem perdendo espa\u00e7o na equipe de Sorocaba e pode ser negociado antes do fim da pausa para a Copa Am\u00e9rica"}}