{"545445":{"titulo":"S\u00e9rie B: Atacante do Crici\u00fama, Gustavo \u00e9 sondado por equipes da S\u00e9rie A e do exterior","link":"https:\/\/www.futebolinterior.com.br\/serie-b-atacante-do-criciuma-gustavo-e-sondado-por-equipes-da-serie-a-e-do-exterior\/","chapeu":"COBI\u00c7ADO!","data":"08\/07\/2016","imagem":"https:\/\/images.futebolinterior.com.br\/2021\/04\/0002050178489_img-300x170.jpg","resumo":"Jogador de apenas 22 anos \u00e9 vice-artilheiro do campeonato com oito gols, atr\u00e1s de Nen\u00ea do Vasco que tem nove "},"545306":{"titulo":"Flamengo atravessa Vasco e fica perto de contratar atacante do Santos","link":"https:\/\/www.futebolinterior.com.br\/flamengo-atravessa-vasco-e-fica-perto-de-contratar-atacante-do-santos\/","chapeu":"VEM PRA C\u00c1","data":"08\/07\/2016","imagem":"https:\/\/images.futebolinterior.com.br\/2021\/04\/0002050178490_img-300x200.jpg","resumo":"O Flamengo pode atravessar a negocia\u00e7\u00e3o do rival Vasco para contratar o atacante Leandro Dami\u00e3o, ex-Santos e que foi dispensado do B\u00e9tis na Espanha"},"545385":{"titulo":"S\u00e3o Paulo est\u00e1 fora da Copa Libertadores ap\u00f3s derrota no Morumbi","link":"https:\/\/www.futebolinterior.com.br\/sao-paulo-esta-fora-da-copa-libertadores-apos-derrota-no-morumbi\/","chapeu":"OPINI\u00c3O","data":"07\/07\/2016","imagem":"https:\/\/images.futebolinterior.com.br\/2021\/04\/0002050178449_img-300x200.jpg","resumo":"O S\u00e3o Paulo n\u00e3o ter\u00e1 Ganso, Kelvin e Maicon, tr\u00eas dos seus melhores jogadores na pr\u00f3xima quarta-feira l\u00e1 em Medellin. "},"546439":{"titulo":"N\u00e3o fa\u00e7am cara de paisagem no caso W.Torre - Palmeiras - Allianz Parque","link":"https:\/\/www.futebolinterior.com.br\/nao-facam-cara-de-paisagem-no-caso-w-torre-palmeiras-allianz-parque\/","chapeu":"OPINI\u00c3O","data":"07\/07\/2016","imagem":"https:\/\/images.futebolinterior.com.br\/2021\/04\/0002050178436_img-300x200.jpg","resumo":"At\u00e9 agora, nenhuma cita\u00e7\u00e3o ao empreendimento feito na rua Turia\u00e7u, mas a Lavajato \u00e9 uma permanente interroga\u00e7\u00e3o."},"545521":{"titulo":"Tupi x Cear\u00e1 - Voz\u00e3o pode assumir a lideran\u00e7a da S\u00e9rie B","link":"https:\/\/www.futebolinterior.com.br\/tupi-x-ceara-vozao-pode-assumir-a-lideranca-da-serie-b\/","chapeu":"A\u00cd SIM","data":"07\/07\/2016","imagem":"https:\/\/images.futebolinterior.com.br\/2021\/04\/0002050178406_img-300x200.jpg","resumo":"Os dois times t\u00eam as mesmas cores, mas as semelhan\u00e7as param por a\u00ed"},"545515":{"titulo":"S\u00e9rie B: Com \"ajudinha\" da CBF, Brasil de Pelotas consegue libera\u00e7\u00e3o do est\u00e1dio","link":"https:\/\/www.futebolinterior.com.br\/serie-b-com-ajudinha-da-cbf-brasil-de-pelotas-consegue-liberacao-do-estadio\/","chapeu":"BOA NOT\u00cdCIA","data":"07\/07\/2016","imagem":"https:\/\/images.futebolinterior.com.br\/2021\/04\/0002050178340_img-300x200.jpg","resumo":"A entidade marcou o jogo contra o Vila Nova para Caxias do Sul por falta de dois laudos"},"545568":{"titulo":"S\u00e9rie B: Joinville desiste de contratar Silo\u00e9, ex-atacante do Guarani","link":"https:\/\/www.futebolinterior.com.br\/serie-b-joinville-desiste-de-contratar-siloe-ex-atacante-do-guarani\/","chapeu":"MELOU","data":"07\/07\/2016","imagem":"https:\/\/images.futebolinterior.com.br\/2021\/04\/0002050178382_img-300x200.jpg","resumo":"O jogador j\u00e1 atuou por tr\u00eas clubes na temporada e n\u00e3o pode mais defender ningu\u00e9m"},"546604":{"titulo":"S\u00c9RIE B: Cear\u00e1 joga pela lideran\u00e7a e Crici\u00fama sonha com o G4","link":"https:\/\/www.futebolinterior.com.br\/serie-b-ceara-joga-pela-lideranca-e-criciuma-sonha-com-o-g4\/","chapeu":"QUE FERA","data":"07\/07\/2016","imagem":"https:\/\/images.futebolinterior.com.br\/2021\/04\/0002050178345_img-300x200.jpg","resumo":"O Cear\u00e1 entra em campo nesta sexta-feira, \u00e0s 21h30, para assumir a lideran\u00e7a do Campeonato Brasileiro da S\u00e9rie B"},"545210":{"titulo":"Envolvidos em m\u00e1fia de apostas ser\u00e3o denunciados por forma\u00e7\u00e3o de quadrilha","link":"https:\/\/www.futebolinterior.com.br\/envolvidos-em-mafia-de-apostas-serao-denunciados-por-formacao-de-quadrilha\/","chapeu":"A\u00cd, SIM!","data":"07\/07\/2016","imagem":"https:\/\/images.futebolinterior.com.br\/2021\/04\/0002050178378_img-300x200.jpg","resumo":"Os envolvidos com a m\u00e1fia de apostas no futebol brasileiro ser\u00e3o denunciados na pr\u00f3xima semana por forma\u00e7\u00e3o de quadrilha e manipula\u00e7\u00e3o de resultados. "},"546529":{"titulo":"Crici\u00fama x Luverdense - Briga boa pelo G4 da S\u00e9rie B","link":"https:\/\/www.futebolinterior.com.br\/criciuma-x-luverdense-briga-boa-pelo-g4-da-serie-b\/","chapeu":"SOBE","data":"07\/07\/2016","imagem":"https:\/\/images.futebolinterior.com.br\/2021\/04\/0002050178379_img-300x164.jpg","resumo":"Precisando reencontrar o caminho das vit\u00f3rias para sonhar com o G4 da S\u00e9rie B do Campeonato Brasileiro, o Crici\u00fama volta a campo nesta sexta-feira para enfrentar o Luverdense"}}