{"545250":{"titulo":"S\u00e9rie B: L\u00e9o Cond\u00e9 trabalha firme com o Goi\u00e1s para o cl\u00e1ssico no Serra","link":"https:\/\/www.futebolinterior.com.br\/serie-b-leo-conde-trabalha-firme-com-o-goias-para-o-classico-no-serra\/","chapeu":"T\u00c1 LOCO","data":"08\/07\/2016","imagem":"https:\/\/images.futebolinterior.com.br\/2021\/04\/0002050178586_img-300x211.jpg","resumo":"O Goi\u00e1s encerrou na manh\u00e3 desta sexta-feira a prepara\u00e7\u00e3o para a partida contra o Atl\u00e9tico-GO pela 15\u00aa rodada do Campeonato Brasileiro da S\u00e9rie B"},"545317":{"titulo":"S\u00e9rie B: Marcelo Cabo aguarda Jorginho para definir titulares do Atl\u00e9tico-GO","link":"https:\/\/www.futebolinterior.com.br\/serie-b-marcelo-cabo-aguarda-jorginho-para-definir-titulares-do-atletico-go\/","chapeu":"QUEM JOGA?","data":"08\/07\/2016","imagem":"https:\/\/images.futebolinterior.com.br\/2021\/04\/0002050178585_img-300x179.jpg","resumo":"J\u00e1 Junior Vi\u00e7osa foi barrado pelo Departamento M\u00e9dico. Time ter\u00e1 Alison e Gilsinho no ataque"},"546253":{"titulo":"S\u00e9rie B: Com sequ\u00eancia invicta do Ava\u00ed, volante Luan valoriza per\u00edodo de folga","link":"https:\/\/www.futebolinterior.com.br\/serie-b-com-sequencia-invicta-do-avai-volante-luan-valoriza-periodo-de-folga\/","chapeu":"MERECIDO","data":"08\/07\/2016","imagem":"https:\/\/images.futebolinterior.com.br\/2021\/04\/0002050178567_img-300x225.jpg","resumo":"O Le\u00e3o da Ilha s\u00f3 volta a campo na pr\u00f3xima sexta-feira, quando enfrenta o Oeste na Ressacada, pela 16\u00aa rodada"},"546266":{"titulo":"S\u00e9rie B: Mesmo em crise, Bragantino joga para deixar a zona de rebaixamento","link":"https:\/\/www.futebolinterior.com.br\/serie-b-mesmo-em-crise-bragantino-joga-para-deixar-a-zona-de-rebaixamento\/","chapeu":"PRA CIMA!","data":"08\/07\/2016","imagem":"https:\/\/images.futebolinterior.com.br\/2021\/04\/0002050178559_img-300x200.jpg","resumo":"A sete jogos sem vencer na S\u00e9rie B do Campeonato Brasileiro, o Bragantino tem a oportunidade \u00fanica de deixar a zona de rebaixamento"},"545212":{"titulo":"S\u00e9rie B: Ex-Gr\u00eamio, Mamute deve ser a novidade do N\u00e1utico contra CRB","link":"https:\/\/www.futebolinterior.com.br\/serie-b-ex-gremio-mamute-deve-ser-a-novidade-do-nautico-contra-crb\/","chapeu":"VAI PRO JOGO?","data":"08\/07\/2016","imagem":"https:\/\/images.futebolinterior.com.br\/2021\/04\/0002050178560_img-300x225.jpg","resumo":"Quatro pontos separam os clubes na tabela de classifica\u00e7\u00e3o; O Timbu quer encostar no G4"},"545232":{"titulo":"S\u00e9rie B: Sampaio Corr\u00eaa volta com os titulares contra o rebaixamento","link":"https:\/\/www.futebolinterior.com.br\/serie-b-sampaio-correa-volta-com-os-titulares-contra-o-rebaixamento\/","chapeu":"FERAS","data":"08\/07\/2016","imagem":"https:\/\/images.futebolinterior.com.br\/2021\/04\/0002050178548_img-300x225.jpg","resumo":"Eliminado na Copa do Brasil, o Sampaio agora foca completamente na briga contra o rebaixamento na S\u00e9rie B do Campeonato Brasileiro"},"545323":{"titulo":"S\u00e9rie B: Joinville perde tr\u00eas titulares para a estreia do t\u00e9cnico Lisca","link":"https:\/\/www.futebolinterior.com.br\/serie-b-joinville-perde-tres-titulares-para-a-estreia-do-tecnico-lisca\/","chapeu":"MUDAN\u00c7AS","data":"08\/07\/2016","imagem":"https:\/\/images.futebolinterior.com.br\/2021\/04\/0002050178537_img-300x200.jpg","resumo":"O Joinville segue o ritmo intenso de prepara\u00e7\u00e3o ao pr\u00f3ximo compromisso pela S\u00e9rie B do Campeonato Brasileiro"},"545263":{"titulo":"S\u00e9rie B: Sem desfalques, Fernando Diniz deve mudar posicionamento no Oeste","link":"https:\/\/www.futebolinterior.com.br\/serie-b-sem-desfalques-fernando-diniz-deve-mudar-posicionamento-no-oeste\/","chapeu":"PRA CIMA","data":"08\/07\/2016","imagem":"https:\/\/images.futebolinterior.com.br\/2021\/04\/0002050178530_img-300x200.jpg","resumo":"Com resultados inconstantes no Campeonato Brasileiro da S\u00e9rie B, o Oeste volta a campo neste s\u00e1bado para finalmente encaminhar uma sequencia de vit\u00f3rias"},"545285":{"titulo":"S\u00e9rie B: Paysandu apresenta oficialmente ex-atacante do Am\u00e9rica-MG","link":"https:\/\/www.futebolinterior.com.br\/serie-b-paysandu-apresenta-oficialmente-ex-atacante-do-america-mg\/","chapeu":"CHEGOU","data":"08\/07\/2016","imagem":"https:\/\/images.futebolinterior.com.br\/2021\/04\/0002050178509_img-300x200.jpg","resumo":"O Paysandu anunciou oficialmente na \u00faltima quinta-feira a chegada do meia-atacante Tiago Lu\u00eds, de 27 anos, para a S\u00e9rie B do Campeonato Brasileiro"},"545017":{"titulo":"S\u00e9rie B: Londrina afasta experiente volante por problemas extra-campo","link":"https:\/\/www.futebolinterior.com.br\/serie-b-londrina-afasta-experiente-volante-por-problemas-extra-campo\/","chapeu":"TCHAU","data":"08\/07\/2016","imagem":"https:\/\/images.futebolinterior.com.br\/2021\/04\/0002050178498_img-300x225.jpg","resumo":"O Londrina ter\u00e1 algumas mudan\u00e7as para enfrentar o Paysandu neste s\u00e1bado, \u00e0s 21 horas, pela 15\u00aa rodada do Campeonato Brasileiro da S\u00e9rie B"}}