{"545598":{"titulo":"Thiago Ribeiro, ex-Santos, deve deixar o Bahia e assinar com clube do Brasileir\u00e3o","link":"https:\/\/www.futebolinterior.com.br\/thiago-ribeiro-ex-santos-deve-deixar-o-bahia-e-assinar-com-clube-do-brasileirao\/","chapeu":"J\u00c1 VAI","data":"07\/07\/2016","imagem":"https:\/\/images.futebolinterior.com.br\/2021\/04\/0002050178358_img-300x184.jpg","resumo":"Depois de muito protestar a torcida do Bahia, o atacante Thiago Ribeiro n\u00e3o faz mais parte do elenco de Guto Ferreira para a S\u00e9rie B do Campeonato Brasileiro"},"545484":{"titulo":"S\u00e9rie B: Em busca do sucesso, Francisco Jos\u00e9 Battistotti planeja \"refor\u00e7os pontuais\"","link":"https:\/\/www.futebolinterior.com.br\/serie-b-em-busca-do-sucesso-francisco-jose-battistotti-planeja-reforcos-pontuais\/","chapeu":"ELENCO ABERTO","data":"07\/07\/2016","imagem":"https:\/\/images.futebolinterior.com.br\/2021\/04\/0002050178357_img-281x300.jpg","resumo":"O mandat\u00e1rio azzurra tamb\u00e9m comemorou a folga de dez dias que o time vai ter entre um jogo e outro"},"546624":{"titulo":"S\u00e9rie B: Com desfalques, Luverdense ter\u00e1 mudan\u00e7as no meio campo","link":"https:\/\/www.futebolinterior.com.br\/serie-b-com-desfalques-luverdense-tera-mudancas-no-meio-campo\/","chapeu":"FERA","data":"07\/07\/2016","imagem":"https:\/\/images.futebolinterior.com.br\/2021\/04\/0002050178334_img-300x200.jpg","resumo":"O Luverdense realizou na manh\u00e3 da \u00faltima quarta-feira no est\u00e1dio Passo das Emas o seu \u00faltimo treino t\u00e1tico e f\u00edsico visando o jogo da pr\u00f3xima sexta-feira"},"545652":{"titulo":"S\u00e9rie B: Crici\u00fama quer parar de trope\u00e7ar em casa para retornar ao G4","link":"https:\/\/www.futebolinterior.com.br\/serie-b-criciuma-quer-parar-de-tropecar-em-casa-para-retornar-ao-g4\/","chapeu":"IMPORTANTE","data":"07\/07\/2016","imagem":"https:\/\/images.futebolinterior.com.br\/2021\/04\/0002050178332_img-300x200.jpg","resumo":"Nos \u00faltimos dois jogos que fez no Heriberto H\u00fclse, o Tigre empatou com Tupi e Bragantino"},"545547":{"titulo":"S\u00e9rie B: Vila Nova-GO contrata goleiro do Sport por empr\u00e9stimo","link":"https:\/\/www.futebolinterior.com.br\/serie-b-vila-nova-go-contrata-goleiro-do-sport-por-emprestimo\/","chapeu":"MERCADO","data":"07\/07\/2016","imagem":"https:\/\/images.futebolinterior.com.br\/2021\/04\/0002050178325_img-300x153.jpg","resumo":"O Vila Nova-GO acertou a vinda de mais um refor\u00e7o para a sequencia do Campeonato Brasileiro da S\u00e9rie B"},"545702":{"titulo":"S\u00e9rie B: Mar\u00edtimo-POR faz proposta por Thallyson, lateral do Cear\u00e1","link":"https:\/\/www.futebolinterior.com.br\/serie-b-maritimo-por-faz-proposta-por-thallyson-lateral-do-ceara\/","chapeu":"VAI SAIR?","data":"07\/07\/2016","imagem":"https:\/\/images.futebolinterior.com.br\/2021\/04\/0002050178242_img-227x300.jpg","resumo":"Contratado junto a Ferrovi\u00e1ria, o jogador \u00e9 titular absoluto sob o comando de S\u00e9rgio Soares"},"545726":{"titulo":"S\u00e9rie D: S\u00e3o Jos\u00e9 confirma acerto com Le\u00edlson, meia do Londrina","link":"https:\/\/www.futebolinterior.com.br\/serie-d-sao-jose-confirma-acerto-com-leilson-meia-do-londrina\/","chapeu":"CONFIRMADO!","data":"07\/07\/2016","imagem":"https:\/\/images.futebolinterior.com.br\/2021\/04\/0002050178229_img-300x178.jpg","resumo":"O S\u00e3o Jos\u00e9 confirmou na tarde desta quarta-feira a contrata\u00e7\u00e3o do meia armador Le\u00edlson. "},"545336":{"titulo":"S\u00e9rie C: River se refor\u00e7a com ex-meia do Paysandu e ex-volante do Santo Andr\u00e9","link":"https:\/\/www.futebolinterior.com.br\/serie-c-river-se-reforca-com-ex-meia-do-paysandu-e-ex-volante-do-santo-andre\/","chapeu":"AO MERCADO!","data":"07\/07\/2016","imagem":"https:\/\/images.futebolinterior.com.br\/2021\/04\/0002050178227_img-300x157.jpg","resumo":"Com Bruno Smith e Luciano Sorriso, o time j\u00e1 tem tr\u00eas refor\u00e7os desde que dispensou quatro atletas do elenco."},"545750":{"titulo":"S\u00e9rie B: Edson Ratinho retorna de suspens\u00e3o no Paysandu e \u00e9 op\u00e7\u00e3o contra o Londrina","link":"https:\/\/www.futebolinterior.com.br\/serie-b-edson-ratinho-retorna-de-suspensao-no-paysandu-e-e-opcao-contra-o-londrina\/","chapeu":"T\u00c1 DE VOLTA!","data":"07\/07\/2016","imagem":"https:\/\/images.futebolinterior.com.br\/2021\/04\/0002050178211_img-300x200.jpg","resumo":"Com tr\u00eas empates nas \u00faltimas rodadas da S\u00e9rie B do Campeonato Brasileiro, o Paysandu volta a campo no s\u00e1bado para tentar voltar a vencer na competi\u00e7\u00e3o. "},"545820":{"titulo":"S\u00e9rie B: Novo diretor de futebol do Goi\u00e1s, Osmar Lucindo descarta contrata\u00e7\u00f5es","link":"https:\/\/www.futebolinterior.com.br\/serie-b-novo-diretor-de-futebol-do-goias-osmar-lucindo-descarta-contratacoes\/","chapeu":"ELENCO FECHADO","data":"06\/07\/2016","imagem":"https:\/\/images.futebolinterior.com.br\/2021\/04\/0002050178074_img-300x200.jpg","resumo":"No in\u00edcio da semana, o presidente S\u00e9rgio Rassi anunciou a chegada do experiente atacante Marc\u00e3o"}}