{"543140":{"titulo":"S\u00e9rie B: Mazinho volta ao Oeste, mas Fernando Diniz perde mais um meia","link":"https:\/\/www.futebolinterior.com.br\/serie-b-mazinho-volta-ao-oeste-mas-fernando-diniz-perde-mais-um-meia\/","chapeu":"E AGORA?","data":"14\/07\/2016","imagem":"https:\/\/images.futebolinterior.com.br\/2021\/04\/0002050180238_img-300x200.jpg","resumo":"Um dos experientes do elenco do Oeste, o meia Mazinho est\u00e1 de volta ao elenco de Fernando Diniz e inclusive viajou com o elenco para Santa Catarina"},"543505":{"titulo":"S\u00e9rie B: Ava\u00ed libera atacante do Fluminense para assinar com o Atl\u00e9tico-PR","link":"https:\/\/www.futebolinterior.com.br\/serie-b-avai-libera-atacante-do-fluminense-para-assinar-com-o-atletico-pr\/","chapeu":"ENTENDA","data":"14\/07\/2016","imagem":"https:\/\/images.futebolinterior.com.br\/2021\/04\/0002050180231_img-225x300.jpg","resumo":"O atacante Lucas Fernandes n\u00e3o faz mais parte do elenco do t\u00e9cnico Silas para a S\u00e9rie B do Campeonato Brasileiro"},"543592":{"titulo":"S\u00e9rie B: \"Surpresa n\u00e3o vai ser\" diz Jean Carlos, caso o Vila Nova ven\u00e7a o Brasil-RS","link":"https:\/\/www.futebolinterior.com.br\/serie-b-surpresa-nao-vai-ser-diz-jean-carlos-caso-o-vila-nova-venca-o-brasil-rs\/","chapeu":"EM ASCENS\u00c3O!","data":"14\/07\/2016","imagem":"https:\/\/images.futebolinterior.com.br\/2021\/04\/0002050180200_img-300x200.jpg","resumo":"Meia do time goiano ressalta que, a equipe j\u00e1 venceu advers\u00e1rios complicados jogando fora de casa, clubes se enfrrentam no s\u00e1bado "},"543501":{"titulo":"S\u00e9rie B: Goi\u00e1s se apoia no retrospecto para vencer o N\u00e1utico no Serra Dourada","link":"https:\/\/www.futebolinterior.com.br\/serie-b-goias-se-apoia-no-retrospecto-para-vencer-o-nautico-no-serra-dourada\/","chapeu":"BONS N\u00daMEROS","data":"14\/07\/2016","imagem":"https:\/\/images.futebolinterior.com.br\/2021\/04\/0002050180192_img-300x225.jpg","resumo":"Na hist\u00f3ria, eles se enfrentaram oficialmente 24 vezes, entre jogos pela S\u00e9rie A e B do Brasileir\u00e3o e Copa do Brasil"},"544645":{"titulo":"Especulado na Ponte Preta, Marcelo Lomba acerta com Internacional","link":"https:\/\/www.futebolinterior.com.br\/especulado-na-ponte-preta-marcelo-lomba-acerta-com-internacional\/","chapeu":"FECHADO!","data":"14\/07\/2016","imagem":"https:\/\/images.futebolinterior.com.br\/2021\/04\/0002050180158_img-300x200.jpg","resumo":"Com a chegada do novo goleiro, o clube ga\u00facho deve liberar Muriel para negociar com o Bahia, ex-time do refor\u00e7o colorado."},"543643":{"titulo":"S\u00e9rie B: R\u00f4mulo espera vit\u00f3ria do Bragantino sobre o Joinville dentro de casa","link":"https:\/\/www.futebolinterior.com.br\/serie-b-romulo-espera-vitoria-do-bragantino-sobre-o-joinville-dentro-de-casa\/","chapeu":"T\u00c1 TREINANDO!","data":"14\/07\/2016","imagem":"https:\/\/images.futebolinterior.com.br\/2021\/04\/0002050180143_img-195x300.jpg","resumo":"Ocupando a zona de rebaixamento da S\u00e9rie B do Campeonato Brasileiro, o Bragantino entrar\u00e1 em campo no s\u00e1bado para um confronto direto nesta briga para fugir da degola. "},"543696":{"titulo":"Assim, a torcida organizada vira PCC ou uma CUT das arquibancadas","link":"https:\/\/www.futebolinterior.com.br\/assim-a-torcida-organizada-vira-pcc-ou-uma-cut-das-arquibancadas\/","chapeu":"OPINI\u00c3O","data":"14\/07\/2016","imagem":"https:\/\/images.futebolinterior.com.br\/2021\/04\/0002050180111_img-300x201.jpg","resumo":"As torcidas j\u00e1 t\u00eam sua representa\u00e7\u00e3o, pulverizadas nos clubes, e lincadas numa entidade representativa de \u00e2mbito nacional"},"543625":{"titulo":"Internacional fica perto de tirar goleiro Marcelo Lomba do Bahia","link":"https:\/\/www.futebolinterior.com.br\/internacional-fica-perto-de-tirar-goleiro-marcelo-lomba-do-bahia\/","chapeu":"QUASE L\u00c1!","data":"13\/07\/2016","imagem":"https:\/\/images.futebolinterior.com.br\/2021\/04\/0002050180096_img-300x184.jpg","resumo":"O jogador foi o primeiro pedido de Falc\u00e3o nesta terceira passagem pelo Colorado"},"543656":{"titulo":"Chamusca, Falc\u00e3o e Jo\u00e3o Vittor geram pol\u00eamica entre torcedores","link":"https:\/\/www.futebolinterior.com.br\/chamusca-falcao-e-joao-vittor-geram-polemica-entre-torcedores\/","chapeu":"OPINI\u00c3O","data":"13\/07\/2016","imagem":"https:\/\/images.futebolinterior.com.br\/2021\/04\/0002050180060_img.jpg","resumo":"Marcelo Chamusca est\u00e1 fazendo um bom trabalho no Guarani, tanto \u00e9 que o Bugre \u00e9 l\u00edder da sua s\u00e9rie na Terceira Divis\u00e3o do Campeonato Brasileiro. "},"543356":{"titulo":"S\u00e9rie B: Estevam deve manter esquema do Tupi para encarar o CRB","link":"https:\/\/www.futebolinterior.com.br\/serie-b-estevam-deve-manter-esquema-do-tupi-para-encarar-o-crb\/","chapeu":"NA MESMA!","data":"13\/07\/2016","imagem":"https:\/\/images.futebolinterior.com.br\/2021\/04\/0002050180015_img-300x188.jpg","resumo":"O treinador indiciou que n\u00e3o vai abandonar o 3-5-2 utilizado diante do Cear\u00e1 na rodada passada."}}