{"543357":{"titulo":"Ava\u00ed x Oeste - Para respirar na luta contra o rebaixamento","link":"https:\/\/www.futebolinterior.com.br\/avai-x-oeste-para-respirar-na-luta-contra-o-rebaixamento\/","chapeu":"SUFOCO","data":"14\/07\/2016","imagem":"https:\/\/images.futebolinterior.com.br\/2021\/04\/0002050180325_img-300x200.jpg","resumo":"Os dois times est\u00e3o empatados com 19 pontos e pr\u00f3ximos a zona da degola"},"543033":{"titulo":"S\u00e9rie B: Fora dos planos de Gallo, Gil Mineiro deve trocar N\u00e1utico pelo Confian\u00e7a","link":"https:\/\/www.futebolinterior.com.br\/serie-b-fora-dos-planos-de-gallo-gil-mineiro-deve-trocar-nautico-pelo-confianca\/","chapeu":"DE SA\u00cdDA","data":"14\/07\/2016","imagem":"https:\/\/images.futebolinterior.com.br\/2021\/04\/0002050180313_img-300x200.jpg","resumo":"De acordo com a diretoria azulina, outros jogadores foram oferecidos pelo Timbu"},"543340":{"titulo":"S\u00e9rie B: Com titulares poupados de viagem, zagueiro Rafael Marques far\u00e1 estreia no Vasco","link":"https:\/\/www.futebolinterior.com.br\/serie-b-com-titulares-poupados-de-viagem-zagueiro-rafael-marques-fara-estreia-no-vasco\/","chapeu":"NOVIDADE!","data":"14\/07\/2016","imagem":"https:\/\/images.futebolinterior.com.br\/2021\/04\/0002050180309_img-300x200.jpg","resumo":"Julio Cesar, Luan, Marcelo Mattos, Henrique, Jorge Henrique e Leandr\u00e3o tamb\u00e9m ser\u00e3o preservados"},"543379":{"titulo":"S\u00e9rie B: Joinville apresenta oficialmente trio de 106 anos","link":"https:\/\/www.futebolinterior.com.br\/serie-b-joinville-apresenta-oficialmente-trio-de-106-anos\/","chapeu":"EXPERI\u00caNCIA","data":"14\/07\/2016","imagem":"https:\/\/images.futebolinterior.com.br\/2021\/04\/0002050180301_img-300x200.jpg","resumo":"Fabiano Eller (38 anos), Bruno Ribeiro (33) e Fernandinho (35) j\u00e1 se juntaram ao elenco tricolor "},"543056":{"titulo":"S\u00e9rie B: Bruno Aguiar, ex-Guarani, est\u00e1 de sa\u00edda do Joinville","link":"https:\/\/www.futebolinterior.com.br\/serie-b-bruno-aguiar-ex-guarani-esta-de-saida-do-joinville\/","chapeu":"TCHAU TCHAU","data":"14\/07\/2016","imagem":"https:\/\/images.futebolinterior.com.br\/2021\/04\/0002050180296_img-300x220.jpg","resumo":"No JEC desde 2014, o jogador tem proposta de outro clube e foi descartado por Lisca"},"543570":{"titulo":"S\u00c9RIE B: Na crise, Bahia enfrenta lanterna e Ava\u00ed recebe o 'temido' Oeste","link":"https:\/\/www.futebolinterior.com.br\/serie-b-na-crise-bahia-enfrenta-lanterna-e-avai-recebe-o-temido-oeste\/","chapeu":"BOLA ROLANDO","data":"14\/07\/2016","imagem":"https:\/\/images.futebolinterior.com.br\/2021\/04\/0002050180214_img-300x200.jpg","resumo":"O Bahia entra em campo nesta sexta-feira mais uma vez com o intuito de afastar a crise na S\u00e9rie B do Campeonato Brasileiro"},"544497":{"titulo":"Sampaio Corr\u00eaa x Bahia - Tricolor mais uma vez depende s\u00f3 de si","link":"https:\/\/www.futebolinterior.com.br\/sampaio-correa-x-bahia-tricolor-mais-uma-vez-depende-so-de-si\/","chapeu":"OU VAI OU RACHA","data":"14\/07\/2016","imagem":"https:\/\/images.futebolinterior.com.br\/2021\/04\/0002050180249_img-300x238.jpg","resumo":"Mais uma vez contra um time da zona de rebaixamento, o Bahia entra em campo nesta sexta-feira para enfrentar o lanterna Sampaio Corr\u00eaa no est\u00e1dio Castel\u00e3o, em S\u00e3o Lu\u00eds"},"543499":{"titulo":"S\u00e9rie B: Ap\u00f3s perder Wendel para Ponte, Goi\u00e1s fecha com Adriano,ex-Santos","link":"https:\/\/www.futebolinterior.com.br\/serie-b-apos-perder-wendel-para-ponte-goias-fecha-com-adrianoex-santos\/","chapeu":"A\u00cd SIM","data":"14\/07\/2016","imagem":"https:\/\/images.futebolinterior.com.br\/2021\/04\/0002050180258_img-300x234.jpg","resumo":"O jogador defendeu o Novorizontino no \u00faltimo Paulist\u00e3o e vai assinar contrato at\u00e9 o fim do ano"},"543121":{"titulo":"S\u00e9rie B: Raphael Macena \u00e9 regularizado e refor\u00e7a Luverdense","link":"https:\/\/www.futebolinterior.com.br\/serie-b-raphael-macena-e-regularizado-e-reforca-luverdense\/","chapeu":"BOA NOT\u00cdCIA","data":"14\/07\/2016","imagem":"https:\/\/images.futebolinterior.com.br\/2021\/04\/0002050180250_img.jpg","resumo":"O jogador vinha treinando com o elenco desde o m\u00eas passado e pode estrear contra o Vasco"},"544513":{"titulo":"S\u00e9rie B: Bahia contrata Muriel, do Internacional, e mira Eduardo, do Atl\u00e9tico-PR","link":"https:\/\/www.futebolinterior.com.br\/serie-b-bahia-contrata-muriel-do-internacional-e-mira-eduardo-do-atletico-pr\/","chapeu":"REFOR\u00c7OS","data":"14\/07\/2016","imagem":"https:\/\/images.futebolinterior.com.br\/2021\/04\/0002050180241_img-300x187.jpg","resumo":"A diretoria tricolor continua em busca de refor\u00e7os e o volante Abuda, ex-Vasco, est\u00e1 na lista"}}