{"544791":{"titulo":"S\u00e9rie C: Em meio a reformula\u00e7\u00e3o, River mira Cleitinho, do Sampaio Corr\u00eaa","link":"https:\/\/www.futebolinterior.com.br\/serie-c-em-meio-a-reformulacao-river-mira-cleitinho-do-sampaio-correa\/","chapeu":"MAIS UM?","data":"13\/07\/2016","imagem":"https:\/\/images.futebolinterior.com.br\/2021\/04\/0002050179999_img.jpg","resumo":"Desde semana passada, a diretoria tricolor vem fazendo mudan\u00e7as no elenco"},"543728":{"titulo":"S\u00e9rie B: Jogadores aparecem no BID, mas Bragantino nega a rescis\u00e3o","link":"https:\/\/www.futebolinterior.com.br\/serie-b-jogadores-aparecem-no-bid-mas-bragantino-nega-a-rescisao\/","chapeu":"MUDAN\u00c7AS","data":"13\/07\/2016","imagem":"https:\/\/images.futebolinterior.com.br\/2021\/04\/0002050179985_img-300x263.jpg","resumo":"O Boletim Informativo Di\u00e1rio (BID) da Confedera\u00e7\u00e3o Brasileira de Futebol (CBF) revelou algumas mudan\u00e7as no Bragantino para a S\u00e9rie B do Campeonato Brasileiro"},"543418":{"titulo":"S\u00e9rie B: VIla Nova-GO pode contratar ex-atacante de Remo e XV de Piracicaba","link":"https:\/\/www.futebolinterior.com.br\/serie-b-vila-nova-go-pode-contratar-ex-atacante-de-remo-e-xv-de-piracicaba\/","chapeu":"MERCADO","data":"13\/07\/2016","imagem":"https:\/\/images.futebolinterior.com.br\/2021\/04\/0002050179983_img-300x200.jpg","resumo":"O Vila Nova pode aproveitar a alta no mercado brasileiro para se refor\u00e7ar na S\u00e9rie B do Campeonato Brasileiro"},"543796":{"titulo":"S\u00e9rie B: Ap\u00f3s concorr\u00eancia do S\u00e3o Paulo, Vasco acerta com atacante do Catar","link":"https:\/\/www.futebolinterior.com.br\/serie-b-apos-concorrencia-do-sao-paulo-vasco-acerta-com-atacante-do-catar\/","chapeu":"FIRME!","data":"13\/07\/2016","imagem":"https:\/\/images.futebolinterior.com.br\/2021\/04\/0002050179980_img-227x300.jpg","resumo":"Ap\u00f3s desistir de Gilberto, que deve mesmo acertar com o S\u00e3o Paulo nas pr\u00f3xima semanas, o Vasco n\u00e3o perdeu tempo e j\u00e1 contratou o centroavante J\u00fanior Dutra"},"544850":{"titulo":"CRB x Tupi - Galo busca nova vit\u00f3ria pela 'lideran\u00e7a' da S\u00e9rie B","link":"https:\/\/www.futebolinterior.com.br\/crb-x-tupi-galo-busca-nova-vitoria-pela-lideranca-da-serie-b\/","chapeu":"SUBINDO","data":"13\/07\/2016","imagem":"https:\/\/images.futebolinterior.com.br\/2021\/04\/0002050179962_img-300x186.jpg","resumo":"O CRB entra em campo nesta quinta-feira para emplacar a quarta vit\u00f3ria seguida no Campeonato Brasileiro da S\u00e9rie B e entrar de vez na briga pela lideran\u00e7a desta 16\u00aa rodada"},"544830":{"titulo":"S\u00e9rie B: Diretoria do Sampaio Corr\u00eaa faz promo\u00e7\u00e3o para jogo contra o Bahia","link":"https:\/\/www.futebolinterior.com.br\/serie-b-diretoria-do-sampaio-correa-faz-promocao-para-jogo-contra-o-bahia\/","chapeu":"PARA ENCHER!","data":"13\/07\/2016","imagem":"https:\/\/images.futebolinterior.com.br\/2021\/04\/0002050179970_img-300x200.jpg","resumo":"Os ingressos, de inteira e meia, come\u00e7am a ser vendidos nesta quarta, dia 13, somente nas lojas SampaioMania e HCG"},"544840":{"titulo":"S\u00e9rie B: Sampaio Corr\u00eaa acelera prepara\u00e7\u00e3o para duelo com o Bahia","link":"https:\/\/www.futebolinterior.com.br\/serie-b-sampaio-correa-acelera-preparacao-para-duelo-com-o-bahia\/","chapeu":"FOR\u00c7A M\u00c1XIMA","data":"13\/07\/2016","imagem":"https:\/\/images.futebolinterior.com.br\/2021\/04\/0002050179964_img-300x225.jpg","resumo":"Os treinos tiveram in\u00edcio na academia, com uma s\u00e9rie de refor\u00e7o muscular e trabalho funcional para prevenir les\u00f5es"},"543788":{"titulo":"S\u00e9rie B: \"N\u00f3s precisamos ter uma transi\u00e7\u00e3o forte\" afirma Guilherme Alves","link":"https:\/\/www.futebolinterior.com.br\/serie-b-nos-precisamos-ter-uma-transicao-forte-afirma-guilherme-alves\/","chapeu":"FUTEBOL MODERNO","data":"13\/07\/2016","imagem":"https:\/\/images.futebolinterior.com.br\/2021\/04\/0002050179938_img-225x300.jpg","resumo":"Treinador do Vila Nova comentou as caracter\u00edsticas de alguns jogadores do elenco, e o tipo de jogo que procura implantar na equipe "},"543886":{"titulo":"Sport libera e Bahia acerta com volante Luiz Ant\u00f4nio, do Flamengo","link":"https:\/\/www.futebolinterior.com.br\/sport-libera-e-bahia-acerta-com-volante-luiz-antonio-do-flamengo\/","chapeu":"MUDOU!","data":"13\/07\/2016","imagem":"https:\/\/images.futebolinterior.com.br\/2021\/04\/0002050179924_img-300x200.jpg","resumo":"O jogador, que n\u00e3o vinha sendoa aproveitado no Le\u00e3o, vai fazer os \u00faltimos exames antes se der aproveitado"},"543838":{"titulo":"S\u00e9rie B: Diretoria do N\u00e1utico detalha a\u00e7\u00f5es para um Novo Aflitos\u200b","link":"https:\/\/www.futebolinterior.com.br\/serie-b-diretoria-do-nautico-detalha-acoes-para-um-novo-aflitos%e2%80%8b\/","chapeu":"NOVA CASA","data":"13\/07\/2016","imagem":"https:\/\/images.futebolinterior.com.br\/2021\/04\/0002050179906_img-300x200.jpg","resumo":"Ap\u00f3s de ter dado a largada para a execu\u00e7\u00e3o do plano de reforma, hoje, o Executivo tem em m\u00e3os diagn\u00f3sticos importantes para a defini\u00e7\u00e3o das prioridades "}}