{"542453":{"titulo":"Vila Nova-GO entrega os laudos e o est\u00e1dio do OBA estrear\u00e1 na S\u00e9rie B","link":"https:\/\/www.futebolinterior.com.br\/vila-nova-go-entrega-os-laudos-e-o-estadio-do-oba-estreara-na-serie-b\/","chapeu":"CONFIRMADO!","data":"18\/07\/2016","imagem":"https:\/\/images.futebolinterior.com.br\/2021\/04\/0002050181196_img-300x153.jpg","resumo":"O Vila Nova-GO est\u00e1 de volta ao est\u00e1dio On\u00e9sio Brasileiro Alvarenga depois de 378 dias longe da sua casa"},"542462":{"titulo":"Oeste x Brasil - Barueri mais uma vez ver\u00e1 um jogo de desesperados","link":"https:\/\/www.futebolinterior.com.br\/oeste-x-brasil-barueri-mais-uma-vez-vera-um-jogo-de-desesperados\/","chapeu":"BRIGA BOA","data":"18\/07\/2016","imagem":"https:\/\/images.futebolinterior.com.br\/2021\/04\/0002050181189_img-300x200.jpg","resumo":"Brigando para se afastar da zona de rebaixamento, o Oeste volta a campo nesta ter\u00e7a-feira, \u00e0s 19h15, para enfrentar o Brasil de Pelotas na Arena Barueri, em S\u00e3o Paulo"},"542310":{"titulo":"Joinville x Goi\u00e1s - Verd\u00e3o tenta embalar para sonhar com voos maiores","link":"https:\/\/www.futebolinterior.com.br\/joinville-x-goias-verdao-tenta-embalar-para-sonhar-com-voos-maiores\/","chapeu":"AGORA VAI?","data":"18\/07\/2016","imagem":"https:\/\/images.futebolinterior.com.br\/2021\/04\/0002050181187_img-300x170.jpg","resumo":"Apenas quatro pontos separam os dois times na tabela de classifica\u00e7\u00e3o da S\u00e9rie B"},"542321":{"titulo":"S\u00e9rie B: Lisca faz mist\u00e9rio, mas Joinville deve ter mudan\u00e7as na defesa","link":"https:\/\/www.futebolinterior.com.br\/serie-b-lisca-faz-misterio-mas-joinville-deve-ter-mudancas-na-defesa\/","chapeu":"E AGORA?","data":"18\/07\/2016","imagem":"https:\/\/images.futebolinterior.com.br\/2021\/04\/0002050181182_img-300x200.jpg","resumo":"Vindo de uma derrota fora de casa para o Bragantino e afundando na zona de rebaixamento, o Joinville volta a campo nesta ter\u00e7a-feira pela 17\u00aa rodada"},"542472":{"titulo":"S\u00c9RIE B: Luta contra o rebaixamento abre rodada na noite desta ter\u00e7a","link":"https:\/\/www.futebolinterior.com.br\/serie-b-luta-contra-o-rebaixamento-abre-rodada-na-noite-desta-terca\/","chapeu":"DESESPERO","data":"18\/07\/2016","imagem":"https:\/\/images.futebolinterior.com.br\/2021\/04\/0002050181183_img-300x200.jpg","resumo":"Dos quatro times que entram em campo, apenas o Brasil de Pelotas almeja uma vaga no G4 neste momento"},"542333":{"titulo":"S\u00e9rie B: Sem Marcos Paran\u00e1, Brasil de Pelotas tem mudan\u00e7as na zaga","link":"https:\/\/www.futebolinterior.com.br\/serie-b-sem-marcos-parana-brasil-de-pelotas-tem-mudancas-na-zaga\/","chapeu":"TROCAS...","data":"18\/07\/2016","imagem":"https:\/\/images.futebolinterior.com.br\/2021\/04\/0002050181167_img-300x200.jpg","resumo":"Sonhando com uma vaga no G4 do Campeonato Brasileiro da S\u00e9rie B, o Brasil de Pelotas volta a campo nesta ter\u00e7a-feira pela 17\u00aa rodada da competi\u00e7\u00e3o"},"542484":{"titulo":"S\u00e9rie B: Contra Brasil de Pelotas, Oeste deixa Osasco e volta para Barueri","link":"https:\/\/www.futebolinterior.com.br\/serie-b-contra-brasil-de-pelotas-oeste-deixa-osasco-e-volta-para-barueri\/","chapeu":"ITINERANTE","data":"18\/07\/2016","imagem":"https:\/\/images.futebolinterior.com.br\/2021\/04\/0002050181165_img-300x200.png","resumo":"O Rubr\u00e3o j\u00e1 atuou em tr\u00eas est\u00e1dios diferentes como mandante no campeonato "},"542363":{"titulo":"S\u00e9rie B: No Vasco, Julio Cesar defende Riascos e pede volta do atacante","link":"https:\/\/www.futebolinterior.com.br\/serie-b-no-vasco-julio-cesar-defende-riascos-e-pede-volta-do-atacante\/","chapeu":"\u00c9 BEM-VINDO","data":"18\/07\/2016","imagem":"https:\/\/images.futebolinterior.com.br\/2021\/04\/0002050181159_img-300x200.jpg","resumo":"\"A gente torce para que d\u00ea tudo certo na carreira dele e, quem sabe, que ele possa voltar\", declarou o jogador vasca\u00edno"},"542503":{"titulo":"S\u00e9rie B: Bragantino contrata pacot\u00e3o de refor\u00e7os e dispensa meio campo","link":"https:\/\/www.futebolinterior.com.br\/serie-b-bragantino-contrata-pacotao-de-reforcos-e-dispensa-meio-campo\/","chapeu":"MUDAN\u00c7AS","data":"18\/07\/2016","imagem":"https:\/\/images.futebolinterior.com.br\/2021\/04\/0002050181153_img-300x225.jpg","resumo":"O Bragantino acertou com mais tr\u00eas refor\u00e7os nesta segunda-feira, ap\u00f3s a segunda vit\u00f3ria consecutiva e um respiro na zona de rebaixamento da S\u00e9rie B"},"543412":{"titulo":"S\u00e9rie B: Marlon, do Crici\u00fama, se apresenta para prepara\u00e7\u00e3o da Sele\u00e7\u00e3o Ol\u00edmpica","link":"https:\/\/www.futebolinterior.com.br\/serie-b-marlon-do-criciuma-se-apresenta-para-preparacao-da-selecao-olimpica\/","chapeu":"T\u00c1 FELIZ\u00c3O!","data":"18\/07\/2016","imagem":"https:\/\/images.futebolinterior.com.br\/2021\/04\/0002050181154_img-300x200.jpg","resumo":"O lateral-esquerdo Marlon, do Crici\u00fama, apresenta-se \u00e0 Sele\u00e7\u00e3o Ol\u00edmpica nesta segunda-feira (18) e participar\u00e1 dos treinamentos com o restante do grupo."}}