{"542008":{"titulo":"S\u00e9rie B: Contra o Paysandu, Mazola J\u00fanior pede aten\u00e7\u00e3o ao elenco do CRB","link":"https:\/\/www.futebolinterior.com.br\/serie-b-contra-o-paysandu-mazola-junior-pede-atencao-ao-elenco-do-crb\/","chapeu":"NUNCA \u00c9 DEMAIS!","data":"19\/07\/2016","imagem":"https:\/\/images.futebolinterior.com.br\/2021\/04\/0002050181439_img-300x200.jpg","resumo":"Treinador esteve presente nas \u00faltimas duas derrotas do clube na capital paraense. Equipes se enfrentam no pr\u00f3ximo s\u00e1bado "},"542042":{"titulo":"S\u00e9rie B: Bragantino e Energisa soltam notas de esclarecimento sobre o apag\u00e3o","link":"https:\/\/www.futebolinterior.com.br\/serie-b-bragantino-e-energisa-soltam-notas-de-esclarecimento-sobre-o-apagao\/","chapeu":"QUEM DEU A LUZ?","data":"19\/07\/2016","imagem":"https:\/\/images.futebolinterior.com.br\/2021\/04\/0002050181297_img-300x131.jpg","resumo":"Na segunda-feira tanto a empresa respons\u00e1vel pelo fornecimento de energia na cidade, a Energisa, como a dire\u00e7\u00e3o do clube fizeram notas de esclarecimentos sobre o fato"},"542044":{"titulo":"S\u00e9rie B: Luverdense inicia a prepara\u00e7\u00e3o para dois jogos fora de casa","link":"https:\/\/www.futebolinterior.com.br\/serie-b-luverdense-inicia-a-preparacao-para-dois-jogos-fora-de-casa\/","chapeu":"FERA","data":"19\/07\/2016","imagem":"https:\/\/images.futebolinterior.com.br\/2021\/04\/0002050181438_img-300x200.jpg","resumo":"O Luverdense come\u00e7ou nesta segunda feira a prepara\u00e7\u00e3o para os pr\u00f3ximos dois compromissos no Campeonato Brasileiro da S\u00e9rie B"},"542024":{"titulo":"S\u00e9rie B: Paran\u00e1 dispensa atacante, mas Martelotte ganha refor\u00e7o no BID","link":"https:\/\/www.futebolinterior.com.br\/serie-b-parana-dispensa-atacante-mas-martelotte-ganha-reforco-no-bid\/","chapeu":"ADEUS...","data":"19\/07\/2016","imagem":"https:\/\/images.futebolinterior.com.br\/2021\/04\/0002050181431_img-300x154.jpg","resumo":"O atacante Robert n\u00e3o faz mais parte do elenco do Paran\u00e1 para a sequ\u00eancia da S\u00e9rie B do Campeonato Brasileiro"},"541866":{"titulo":"S\u00e9rie B: Zagueiro do Goi\u00e1s \u00e9 visto no CT do Drag\u00e3o, mas Atl\u00e9tico-GO nega acerto","link":"https:\/\/www.futebolinterior.com.br\/serie-b-zagueiro-do-goias-e-visto-no-ct-do-dragao-mas-atletico-go-nega-acerto\/","chapeu":"E A\u00cd FERA","data":"19\/07\/2016","imagem":"https:\/\/images.futebolinterior.com.br\/2021\/04\/0002050181427_img.jpg","resumo":"Um novo jogador foi visto nos gramados do CT do Drag\u00e3o, mas ainda assim o Atl\u00e9tico-GO n\u00e3o pode chamar de refor\u00e7os"},"541930":{"titulo":"S\u00e9rie B: Meia do N\u00e1utico, Hugo analisa que o time precisa se fortalecer mentalmente","link":"https:\/\/www.futebolinterior.com.br\/serie-b-meia-do-nautico-hugo-analisa-que-o-time-precisa-se-fortalecer-mentalmente\/","chapeu":"CABE\u00c7A BOA!","data":"19\/07\/2016","imagem":"https:\/\/images.futebolinterior.com.br\/2021\/04\/0002050181371_img-300x225.jpg","resumo":"Jogadores est\u00e3o empenhados na recupera\u00e7\u00e3o da equipe que precisa reencontrar o caminho das vit\u00f3rias "},"542201":{"titulo":"S\u00e9rie B: Artilheiro do Brasileir\u00e3o de 2013, \u00c9derson \u00e9 oficializado como refor\u00e7o do Vasco","link":"https:\/\/www.futebolinterior.com.br\/serie-b-artilheiro-do-brasileirao-de-2013-ederson-e-oficializado-como-reforco-do-vasco\/","chapeu":"MAIS OP\u00c7\u00d5ES!","data":"19\/07\/2016","imagem":"https:\/\/images.futebolinterior.com.br\/2021\/04\/0002050181322_img-300x300.jpg","resumo":"Clue confirmou tamb\u00e9m a contrata\u00e7\u00e3o de Junior Dutra, o atacante j\u00e1 estava integrado ao elenco e vinha treinando em S\u00e3o Janu\u00e1rio "},"542010":{"titulo":"S\u00e9rie B: T\u00e9cnico do CRB, Mazola J\u00fanior pede aten\u00e7\u00e3o do elenco ao Paysandu","link":"https:\/\/www.futebolinterior.com.br\/serie-b-tecnico-do-crb-mazola-junior-pede-atencao-do-elenco-ao-paysandu\/","chapeu":"ATEN\u00c7\u00c3O!","data":"19\/07\/2016","imagem":"https:\/\/images.futebolinterior.com.br\/2021\/04\/0002050181316_img-300x200.jpg","resumo":"Ao mesmo tempo em que defende a s\u00e9rie de quatro vit\u00f3rias consecutivas no Campeonato Brasileiro da S\u00e9rie B, o CRB tamb\u00e9m se preocupa com o duelo diante do Paysandu."},"543272":{"titulo":"Futebol Interior elege Sele\u00e7\u00f5es da Rodada do Brasileiro - A, B e C - e especial S\u00e9rie D","link":"https:\/\/www.futebolinterior.com.br\/futebol-interior-elege-selecoes-da-rodada-do-brasileiro-a-b-e-c-e-especial-serie-d\/","chapeu":"OS MELHORES","data":"18\/07\/2016","imagem":"https:\/\/images.futebolinterior.com.br\/2021\/04\/0002050181289_img-300x111.jpg","resumo":"Portal FI tem destacado as Sele\u00e7\u00f5es da Rodada nas tr\u00eas principais divis\u00f5es do futebol brasileiro - S\u00e9ries A (Brasileir\u00e3o), B e C - e uma especial da S\u00e9rie D"},"542289":{"titulo":"Com Vad\u00e3o, Camarote RF discute dificuldades do Brasil na briga pelo ouro no Rio-2016","link":"https:\/\/www.futebolinterior.com.br\/com-vadao-camarote-rf-discute-dificuldades-do-brasil-na-briga-pelo-ouro-no-rio-2016\/","chapeu":"IMPERD\u00cdVEL!","data":"18\/07\/2016","imagem":"https:\/\/images.futebolinterior.com.br\/2021\/04\/0002050181230_img-300x225.jpg","resumo":"Al\u00e9m do t\u00e9cnico da Sele\u00e7\u00e3o feminina, o programa contou com a participa\u00e7\u00e3o de Francisco Albuquerque, diretor executivo do Vila Nova-GO"}}