{"542543":{"titulo":"Tchau, Bom Senso: chega de ideologia de botequim","link":"https:\/\/www.futebolinterior.com.br\/tchau-bom-senso-chega-de-ideologia-de-botequim\/","chapeu":"FALOU GROSSO!","data":"18\/07\/2016","imagem":"https:\/\/images.futebolinterior.com.br\/2021\/04\/0002050181139_img-300x169.jpg","resumo":"\u200bDurou menos do que se esperava. O movimento Bom Senso, pai do Profut, despediu-se, melancolicamente, num peda\u00e7o de p\u00e1gina de jornal. "},"542185":{"titulo":"S\u00e9rie B: Inspirado em Jefferson, Emerson est\u00e1 987 minutos sem levar gols","link":"https:\/\/www.futebolinterior.com.br\/serie-b-inspirado-em-jefferson-emerson-esta-987-minutos-sem-levar-gols\/","chapeu":"ESPECIAL","data":"18\/07\/2016","imagem":"https:\/\/images.futebolinterior.com.br\/2021\/04\/0002050181149_img-300x200.jpg","resumo":"O camisa 1 bicolor falou com o Portal Futebol Interior sobre esse momento especial na carreira"},"542382":{"titulo":"S\u00e9rie B: Em jogo de seis pontos, Joinville defende tabu contra Goi\u00e1s","link":"https:\/\/www.futebolinterior.com.br\/serie-b-em-jogo-de-seis-pontos-joinville-defende-tabu-contra-goias\/","chapeu":"TABU DEMAIS","data":"18\/07\/2016","imagem":"https:\/\/images.futebolinterior.com.br\/2021\/04\/0002050181137_img-300x278.jpg","resumo":"Joinville e Goi\u00e1s enfrentam-se nesta ter\u00e7a-feira (19), \u00e1s 21 horas, na Arena Joinville, em Joinville (SC), pela 17\u00aa rodada da S\u00e9rie B do Campeonato Brasileiro"},"542207":{"titulo":"S\u00e9rie B: Bahia contrata por empr\u00e9stimo meia 'contestado' no Cruzeiro","link":"https:\/\/www.futebolinterior.com.br\/serie-b-bahia-contrata-por-emprestimo-meia-contestado-no-cruzeiro\/","chapeu":"MERCADO","data":"18\/07\/2016","imagem":"https:\/\/images.futebolinterior.com.br\/2021\/04\/0002050181135_img-300x181.jpg","resumo":"O Cruzeiro acertou na tarde desta segunda-feira o empr\u00e9stimo do meia Allano, de 21 anos, para o Bahia na S\u00e9rie B do Campeonato Brasileiro"},"542268":{"titulo":"S\u00e9rie B: Marc\u00e3o, \u00eddolo do Atl\u00e9tico-GO, \u00e9 apresentado e j\u00e1 pode estrear pelo Goi\u00e1s","link":"https:\/\/www.futebolinterior.com.br\/serie-b-marcao-idolo-do-atletico-go-e-apresentado-e-ja-pode-estrear-pelo-goias\/","chapeu":"QUER JOGAR","data":"18\/07\/2016","imagem":"https:\/\/images.futebolinterior.com.br\/2021\/04\/0002050181088_img-300x236.jpg","resumo":"O atacante teve seu nome publ"},"542468":{"titulo":"S\u00e9rie B: Diretoria do N\u00e1utico n\u00e3o descarta refor\u00e7os ap\u00f3s tr\u00eas derrotas seguidas","link":"https:\/\/www.futebolinterior.com.br\/serie-b-diretoria-do-nautico-nao-descarta-reforcos-apos-tres-derrotas-seguidas\/","chapeu":"\u00c9 PRECISO","data":"18\/07\/2016","imagem":"https:\/\/images.futebolinterior.com.br\/2021\/04\/0002050181084_img-300x225.jpg","resumo":"O time pernambucano espera anunciar at\u00e9 sexta-feira a contrata\u00e7\u00e3o de um atacante"},"542488":{"titulo":"S\u00e9rie B: Paulinho Dias pede Joinville ligado no Goi\u00e1s para iniciar rea\u00e7\u00e3o","link":"https:\/\/www.futebolinterior.com.br\/serie-b-paulinho-dias-pede-joinville-ligado-no-goias-para-iniciar-reacao\/","chapeu":"T\u00c1 LIGADO?","data":"18\/07\/2016","imagem":"https:\/\/images.futebolinterior.com.br\/2021\/04\/0002050181074_img-300x200.jpg","resumo":"O Joinville volta a campo nesta ter\u00e7a-feira para uma decis\u00e3o. A equipe catarinense vai encarar o Goi\u00e1s, em casa, pela S\u00e9rie B, precisando vencer para encostar no advers\u00e1rio."},"542642":{"titulo":"S\u00e9rie B: Mazola Junior comemora semana cheia de treinos do CRB","link":"https:\/\/www.futebolinterior.com.br\/serie-b-mazola-junior-comemora-semana-cheia-de-treinos-do-crb\/","chapeu":"T\u00c1 ESPERAN\u00c7OSO!","data":"18\/07\/2016","imagem":"https:\/\/images.futebolinterior.com.br\/2021\/04\/0002050181072_img-300x200.jpg","resumo":"Vice-l\u00edder do Campeonato Brasileiro da S\u00e9rie B, o CRB s\u00f3 voltar\u00e1 a campo no pr\u00f3ximo s\u00e1bado, contra o Paysandu, \u00e0s 21 horas, em Bel\u00e9m, pela 17\u00aa rodada. "},"543545":{"titulo":"Riascos se desculpa com Cruzeiro e pode estar de sa\u00edda para Vasco","link":"https:\/\/www.futebolinterior.com.br\/riascos-se-desculpa-com-cruzeiro-e-pode-estar-de-saida-para-vasco\/","chapeu":"POL\u00caMICA","data":"18\/07\/2016","imagem":"https:\/\/images.futebolinterior.com.br\/2021\/04\/0002050181063_img-300x198.jpg","resumo":"Ap\u00f3s o jogo contra o Fluminense, o colombiano deu uma entrevista pol\u00eamica e foi afastado pela diretoria celeste"},"543594":{"titulo":"Empate justo entre Corinthians e S\u00e3o Paulo no Itaquer\u00e3o pelo Brasileiro","link":"https:\/\/www.futebolinterior.com.br\/empate-justo-entre-corinthians-e-sao-paulo-no-itaquerao-pelo-brasileiro\/","chapeu":"OPINI\u00c3O","data":"18\/07\/2016","imagem":"https:\/\/images.futebolinterior.com.br\/2021\/04\/0002050181037_img-300x187.png","resumo":"Time da Fiel procurou mais o ataque e fustigou com maior determina\u00e7\u00e3o o sistema defensivo inimigo"}}