{"540173":{"titulo":"S\u00e9rie B: Cear\u00e1 perder Bill, mas Rafael Costa volta a terinar com bola","link":"https:\/\/www.futebolinterior.com.br\/serie-b-ceara-perder-bill-mas-rafael-costa-volta-a-terinar-com-bola\/","chapeu":"OLHA ELE","data":"26\/07\/2016","imagem":"https:\/\/images.futebolinterior.com.br\/2021\/04\/0002050183185_img-300x169.jpg","resumo":" O t\u00e9cnico S\u00e9rgio Soares recebeu uma boa not\u00edcia neste in\u00edcio de semana. Isso porque na vit\u00f3ria por 4 a 3 contra o Vila Nova-GO no \u00faltimo s\u00e1bado, o Cear\u00e1 perdeu o atacante Bill"},"540254":{"titulo":"S\u00e9rie B: Zagueiro se confunde na apresenta\u00e7\u00e3o e troca Bahia por Vit\u00f3ria","link":"https:\/\/www.futebolinterior.com.br\/serie-b-zagueiro-se-confunde-na-apresentacao-e-troca-bahia-por-vitoria\/","chapeu":"ONDE EU T\u00d4?","data":"26\/07\/2016","imagem":"https:\/\/images.futebolinterior.com.br\/2021\/04\/0002050183177_img-300x184.jpg","resumo":"Rec\u00e9m chegado e inclusive j\u00e1 estreado com a camisa do Bahia, o zagueiro Tiago passou uma situa\u00e7\u00e3o inusitada na sua apresenta\u00e7\u00e3o oficial \u00e0 imprensa"},"540279":{"titulo":"S\u00e9rie B: Joinville confirma especula\u00e7\u00f5es e apresenta 'atacante cruel'","link":"https:\/\/www.futebolinterior.com.br\/serie-b-joinville-confirma-especulacoes-e-apresenta-atacante-cruel\/","chapeu":"EU VOLTEI...","data":"26\/07\/2016","imagem":"https:\/\/images.futebolinterior.com.br\/2021\/04\/0002050183147_img-300x200.jpg","resumo":"Jael finalmente vestiu a camisa do Joinville oficialmente nesta ter\u00e7a-feira"},"541334":{"titulo":"S\u00e9rie B: Lateral diz que Londrina precisa buscar os pontos desperdi\u00e7ados","link":"https:\/\/www.futebolinterior.com.br\/serie-b-lateral-diz-que-londrina-precisa-buscar-os-pontos-desperdicados\/","chapeu":"EM CAMPO","data":"26\/07\/2016","imagem":"https:\/\/images.futebolinterior.com.br\/2021\/04\/0002050183141_img-300x258.jpg","resumo":"O Londrina visita o Ava\u00ed na noite desta ter\u00e7a pela d\u00e9cima oitava rodada da S\u00e9rie B"},"540268":{"titulo":"S\u00e9rie B: \u00cddolo, goleiro M\u00e1rcio troca o Atl\u00e9tico-GO por rival Goi\u00e1s","link":"https:\/\/www.futebolinterior.com.br\/serie-b-idolo-goleiro-marcio-troca-o-atletico-go-por-rival-goias\/","chapeu":"INACREDIT\u00c1VEL!","data":"26\/07\/2016","imagem":"https:\/\/images.futebolinterior.com.br\/2021\/04\/0002050183067_img-300x232.jpg","resumo":"\u00cddolo, goleiro M\u00e1rcio troca o Atl\u00e9tico-GO por rival Goi\u00e1s. No Drag\u00e3o, conquistou v\u00e1rios estaduais e acessos em Campeonatos Brasileiros"},"540293":{"titulo":"P\u00eanalti, gol e expuls\u00e3o: confira a an\u00e1lise da rodada com Fl\u00e1vio Guerra","link":"https:\/\/www.futebolinterior.com.br\/penalti-gol-e-expulsao-confira-a-analise-da-rodada-com-flavio-guerra\/","chapeu":"T\u00c1 NA REGRA","data":"26\/07\/2016","imagem":"https:\/\/images.futebolinterior.com.br\/2021\/04\/0002050183053_img-295x300.jpg","resumo":"Que os jogadores e at\u00e9 alguns t\u00e9cnicos desconhecem as regras do futebol, isso n\u00f3s j\u00e1 sab\u00edamos, agora os respons\u00e1veis e quem tem autoridade para fazer cumpri-las dentro do campo"},"541406":{"titulo":"Futebol Interior apresenta as Sele\u00e7\u00f5es da Rodada com craques da pesada. Confira!","link":"https:\/\/www.futebolinterior.com.br\/futebol-interior-apresenta-as-selecoes-da-rodada-com-craques-da-pesada-confira\/","chapeu":"AS FERAS DO FI","data":"25\/07\/2016","imagem":"https:\/\/images.futebolinterior.com.br\/2021\/04\/0002050181289_img-300x111.jpg","resumo":"A novidade \u00e9 que a partir desta semana o Portal FI elege tamb\u00e9m os melhores do Campeonato Paulista da Segunda Divis\u00e3o, agora em sua segunda fase."},"540434":{"titulo":"Ca\u00edque Vald\u00edvia fica perto de trocar N\u00e1utico pelo Crici\u00fama","link":"https:\/\/www.futebolinterior.com.br\/caique-valdivia-fica-perto-de-trocar-nautico-pelo-criciuma\/","chapeu":"NOVA CASA?","data":"25\/07\/2016","imagem":"https:\/\/images.futebolinterior.com.br\/2021\/04\/0002050182976_img-300x162.jpg","resumo":"A Raposa ficou \"devendo\" alguns jogadores para o Tigre na negocia\u00e7\u00e3o que levou o lateral Ezequiel para a Toca da Raposa"},"540144":{"titulo":"Bragantino fica no Rio, troca o \"chip\" e espera avan\u00e7ar na Copa do Brasil","link":"https:\/\/www.futebolinterior.com.br\/bragantino-fica-no-rio-troca-o-chip-e-espera-avancar-na-copa-do-brasil\/","chapeu":"EXPECTATIVA","data":"25\/07\/2016","imagem":"https:\/\/images.futebolinterior.com.br\/2021\/04\/0002050182968_img-300x169.jpg","resumo":"Ap\u00f3s perder para o Vasco da Gama pela S\u00e9rie B, o Massa Bruta vai ter pela frente o Botafogo nesta quarta-feira"},"541464":{"titulo":"Ava\u00ed x Londrina - Objetivos distintos em campo na Ressacada","link":"https:\/\/www.futebolinterior.com.br\/avai-x-londrina-objetivos-distintos-em-campo-na-ressacada\/","chapeu":"QUEM LEVA?","data":"25\/07\/2016","imagem":"https:\/\/images.futebolinterior.com.br\/2021\/04\/0002050182948_img-300x200.jpg","resumo":"O Le\u00e3o tenta se distanciar da zona de rebaixamento e o time paranaense seguir na cola do G4"}}