{"540525":{"titulo":"Goi\u00e1s x Luverdense - O rebaixamento t\u00e1 batendo na porta?","link":"https:\/\/www.futebolinterior.com.br\/goias-x-luverdense-o-rebaixamento-ta-batendo-na-porta\/","chapeu":"DIF\u00cdCIL","data":"25\/07\/2016","imagem":"https:\/\/images.futebolinterior.com.br\/2021\/04\/0002050182920_img-300x264.jpg","resumo":"O Goi\u00e1s entra em campo nesta ter\u00e7a-feira para se afastar ou entrar de vez na zona de rebaixamento do Campeonato Brasileiro da S\u00e9rie B"},"540456":{"titulo":"S\u00c9RIE B: Briga contra o rebaixamento abre a \u00faltima rodada do 1\u00ba turno","link":"https:\/\/www.futebolinterior.com.br\/serie-b-briga-contra-o-rebaixamento-abre-a-ultima-rodada-do-1o-turno\/","chapeu":"NO CORA\u00c7\u00c3O","data":"25\/07\/2016","imagem":"https:\/\/images.futebolinterior.com.br\/2021\/04\/0002050182916_img-300x278.jpg","resumo":"A briga contra o rebaixamento abrir\u00e1 a 18\u00aa rodada e \u00faltima do primeiro turno da S\u00e9rie B do Campeonato Brasileiro nesta ter\u00e7a-feira, 26, com dois jogos"},"540446":{"titulo":"S\u00e9rie B: Brasil de Pelotas fecha com Jonatas Belusso, ex-N\u00e1utico e Juventude","link":"https:\/\/www.futebolinterior.com.br\/serie-b-brasil-de-pelotas-fecha-com-jonatas-belusso-ex-nautico-e-juventude\/","chapeu":"A\u00cd SIM","data":"25\/07\/2016","imagem":"https:\/\/images.futebolinterior.com.br\/2021\/04\/0002050182926_img-300x211.jpg","resumo":"O prov\u00e1vel refor\u00e7o xavante tem 28 anos e estava at\u00e9 o in\u00edcio do m\u00eas no Seoul E-Land-KOR"},"540503":{"titulo":"S\u00e9rie B: Ap\u00f3s sa\u00edda de Bruno Aguiar, Joinville vai em busca de novo zagueiro","link":"https:\/\/www.futebolinterior.com.br\/serie-b-apos-saida-de-bruno-aguiar-joinville-vai-em-busca-de-novo-zagueiro\/","chapeu":"QUEM SER\u00c1?","data":"25\/07\/2016","imagem":"https:\/\/images.futebolinterior.com.br\/2021\/04\/0002050182925_img-300x170.jpg","resumo":"A diretoria tricolor est\u00e1 procurando atender os pedidos feitos pelo t\u00e9cnico Lisca "},"540442":{"titulo":"S\u00e9rie B: C\u00e9lio Santos perto de trocar Ava\u00ed pelo Ulsan-KOR","link":"https:\/\/www.futebolinterior.com.br\/serie-b-celio-santos-perto-de-trocar-avai-pelo-ulsan-kor\/","chapeu":"DE SA\u00cdDA","data":"25\/07\/2016","imagem":"https:\/\/images.futebolinterior.com.br\/2021\/04\/0002050182915_img-240x300.jpg","resumo":"r"},"540558":{"titulo":"S\u00e9rie B: L\u00e9o Cond\u00e9 conta com voltas no Goi\u00e1s na briga contra o rebaixamento","link":"https:\/\/www.futebolinterior.com.br\/serie-b-leo-conde-conta-com-voltas-no-goias-na-briga-contra-o-rebaixamento\/","chapeu":"FERAS","data":"25\/07\/2016","imagem":"https:\/\/images.futebolinterior.com.br\/2021\/04\/0002050182908_img-300x188.jpg","resumo":"O domingo foi de muito trabalho no Centro de Treinamento Edmo Pinheiro"},"540462":{"titulo":"S\u00e9rie B: Coringa no Vasco, lateral Yago Pikachu comemora bom momento no meio de campo","link":"https:\/\/www.futebolinterior.com.br\/serie-b-coringa-no-vasco-lateral-yago-pikachu-comemora-bom-momento-no-meio-de-campo\/","chapeu":"EM GRANDE FASE!","data":"25\/07\/2016","imagem":"https:\/\/images.futebolinterior.com.br\/2021\/04\/0002050182906_img-300x200.jpg","resumo":"Jogador comentou que a versatilidade \u00e9 um de seus pontos fortes. Ele foi decisivo nas \u00faltimas tr\u00eas partidas do time "},"541536":{"titulo":"S\u00e9rie B: Suspensos complicam a vida de Tencati e Londrina ter\u00e1 mudan\u00e7as","link":"https:\/\/www.futebolinterior.com.br\/serie-b-suspensos-complicam-a-vida-de-tencati-e-londrina-tera-mudancas\/","chapeu":"E A\u00cd?","data":"25\/07\/2016","imagem":"https:\/\/images.futebolinterior.com.br\/2021\/04\/0002050182903_img-300x225.jpg","resumo":"Depois do empate amargo com o Sampaio Corr\u00eaa no \u00faltimo s\u00e1bado, o Londrina ter\u00e1 que se modificar para enfrentar o Ava\u00ed na Ressacada, pela 17\u00aa rodada"},"540577":{"titulo":"P\u00fablico aumenta nas novas arenas, mas opera\u00e7\u00e3o ainda \u00e9 deficit\u00e1ria","link":"https:\/\/www.futebolinterior.com.br\/publico-aumenta-nas-novas-arenas-mas-operacao-ainda-e-deficitaria\/","chapeu":"BAIXO RETORNO","data":"25\/07\/2016","imagem":"https:\/\/images.futebolinterior.com.br\/2021\/04\/0002050182850_img-300x204.jpg","resumo":"Dos 12 est\u00e1dios da Copa do Mundo no Brasil, apenas quatro n\u00e3o ficaram no vermelho, em 2015. Fora da lista, Arena do Palmeiras \u00e9 sucesso"},"540623":{"titulo":"S\u00e9rie B: Ap\u00f3s empate do CRB, Z\u00e9 Carlos \u00e9 suspeito de ter agredido jovem","link":"https:\/\/www.futebolinterior.com.br\/serie-b-apos-empate-do-crb-ze-carlos-e-suspeito-de-ter-agredido-jovem\/","chapeu":"POL\u00caMICA!","data":"25\/07\/2016","imagem":"https:\/\/images.futebolinterior.com.br\/2021\/04\/0002050182842_img-300x176.jpg","resumo":"Segundo o Instituto M\u00e9dico Legal (IML) de Macei\u00f3, at\u00e9 come\u00e7o dessa manh\u00e3, a menina ainda n\u00e3o tinha ido fazer exame de corpo de delito"}}