{"539855":{"titulo":"S\u00e9rie B: Com proposta do futebol portugu\u00eas, Fl\u00e1vio est\u00e1 de sa\u00edda do Paysandu","link":"https:\/\/www.futebolinterior.com.br\/serie-b-com-proposta-do-futebol-portugues-flavio-esta-de-saida-do-paysandu\/","chapeu":"FALTA ASSINAR","data":"26\/07\/2016","imagem":"https:\/\/images.futebolinterior.com.br\/2021\/04\/0002050183260_img.jpg","resumo":"Emprestado no in\u00edcio do ano pelo N\u00e1utico, o jogador atuou apenas cinco vezes pelo Pap\u00e3o em 2016"},"540134":{"titulo":"S\u00e9rie B: Ap\u00f3s pol\u00eamica, Z\u00e9 Carlos \u00e9 punido pela diretoria do CRB","link":"https:\/\/www.futebolinterior.com.br\/serie-b-apos-polemica-ze-carlos-e-punido-pela-diretoria-do-crb\/","chapeu":"QUE SITUA\u00c7\u00c3O","data":"26\/07\/2016","imagem":"https:\/\/images.futebolinterior.com.br\/2021\/04\/0002050183241_img-300x200.jpg","resumo":"Na madrugada da \u00faltima segunda-feira, o atacante foi acusado de agredir uma mulher em um bar"},"540146":{"titulo":"S\u00e9rie B: Mais magro, Jael \u00e9 regularizado e pode reestrear pelo Joinville","link":"https:\/\/www.futebolinterior.com.br\/serie-b-mais-magro-jael-e-regularizado-e-pode-reestrear-pelo-joinville\/","chapeu":"BOA OP\u00c7\u00c3O","data":"26\/07\/2016","imagem":"https:\/\/images.futebolinterior.com.br\/2021\/04\/0002050183232_img-300x200.jpg","resumo":"O novo refor\u00e7o tricolor disse que se conscientizou de que precisava ser mais profissional"},"540129":{"titulo":"Botafogo-PB \u00e9 o \u00fanico com 100% em casa das tr\u00eas principais divis\u00f5es do Brasileiro","link":"https:\/\/www.futebolinterior.com.br\/botafogo-pb-e-o-unico-com-100-em-casa-das-tres-principais-divisoes-do-brasileiro\/","chapeu":"ESPECIAL FI!","data":"26\/07\/2016","imagem":"https:\/\/images.futebolinterior.com.br\/2021\/04\/0002050183231_img-300x151.jpg","resumo":"O Belo desbancou grandes clubes como Palmeiras, Gr\u00eamio e Corinthians na briga como melhor mandante"},"540154":{"titulo":"S\u00e9rie B: Com ataque em baixa, Paran\u00e1 contrata Fernando Karanga","link":"https:\/\/www.futebolinterior.com.br\/serie-b-com-ataque-em-baixa-parana-contrata-fernando-karanga\/","chapeu":"REFOR\u00c7O","data":"26\/07\/2016","imagem":"https:\/\/images.futebolinterior.com.br\/2021\/04\/0002050183225_img-225x300.jpg","resumo":"O novo refor\u00e7o tricolor estava no Jeju United-KOR e aguarda a regulariza\u00e7\u00e3o da documenta\u00e7\u00e3o"},"539905":{"titulo":"S\u00e9rie B: Vila Nova dispensa Pedro Carmona e Thiago Brito","link":"https:\/\/www.futebolinterior.com.br\/serie-b-vila-nova-dispensa-pedro-carmona-e-thiago-brito\/","chapeu":"TCHAU","data":"26\/07\/2016","imagem":"https:\/\/images.futebolinterior.com.br\/2021\/04\/0002050183221_img-300x199.jpg","resumo":"A diretoria disse que o ciclo de contrata\u00e7\u00f5es est\u00e1 encerrado, mas n\u00e3o descartou mais sa\u00eddas"},"540139":{"titulo":"Sem Rafael Grampola, Bragantino tenta surpreender Botafogo pela Copa do Brasil","link":"https:\/\/www.futebolinterior.com.br\/sem-rafael-grampola-bragantino-tenta-surpreender-botafogo-pela-copa-do-brasil\/","chapeu":"BAIXA ","data":"26\/07\/2016","imagem":"https:\/\/images.futebolinterior.com.br\/2021\/04\/0002050183217_img-300x241.jpg","resumo":"Como j\u00e1 atuou na competi\u00e7\u00e3o pelo Gama, o artilheiro n\u00e3o pode defender o Massa Bruta"},"540190":{"titulo":"S\u00e9rie B: Jorge Henrique destaca import\u00e2ncia do Vasco bater Crici\u00fama: 'Abriremos 12 pontos'","link":"https:\/\/www.futebolinterior.com.br\/serie-b-jorge-henrique-destaca-importancia-do-vasco-bater-criciuma-abriremos-12-pontos\/","chapeu":"FOCO TOTAL!","data":"26\/07\/2016","imagem":"https:\/\/images.futebolinterior.com.br\/2021\/04\/0002050183215_img-300x200.jpg","resumo":"O atacante evitou fazer outros progn\u00f3sticos e disse acreditar na estrat\u00e9gia de seu treinador em rela\u00e7\u00e3o aos planos futuros"},"540170":{"titulo":"Pretendido pela Ponte Preta, goleiro pode finalmente deixar o Goi\u00e1s","link":"https:\/\/www.futebolinterior.com.br\/pretendido-pela-ponte-preta-goleiro-pode-finalmente-deixar-o-goias\/","chapeu":"N\u00c3O ME ILUDE","data":"26\/07\/2016","imagem":"https:\/\/images.futebolinterior.com.br\/2021\/04\/0002050183195_img-300x200.jpg","resumo":"A troca do goleiro M\u00e1rcio, que deixou o Atl\u00e9tico-GO para acertar com o rival Goi\u00e1s nesta ter\u00e7a-feira, pode mexer n\u00e3o s\u00f3 com as arquibancadas, mas tamb\u00e9m com o mercado brasileiro"},"540164":{"titulo":"S\u00e9rie B: Na\u00fatico comemora vit\u00f3ria e elenco est\u00e1 mais \"tranquilo e favor\u00e1vel\"","link":"https:\/\/www.futebolinterior.com.br\/serie-b-nautico-comemora-vitoria-e-elenco-esta-mais-tranquilo-e-favoravel\/","chapeu":"FRENTE","data":"26\/07\/2016","imagem":"https:\/\/images.futebolinterior.com.br\/2021\/04\/0002050183189_img-300x225.jpg","resumo":"A vit\u00f3ria por 3 a 1 contra o Ava\u00ed a \u00faltima sexta-feira foi fundamental para o N\u00e1utico na briga pelo acesso"}}