{"528429":{"titulo":"S\u00e9rie B: J\u00fanior Rocha volta aos treinos com o Luverdense e mant\u00e9m o foco","link":"https:\/\/www.futebolinterior.com.br\/serie-b-junior-rocha-volta-aos-treinos-com-o-luverdense-e-mantem-o-foco\/","chapeu":"PRA CIMA","data":"07\/09\/2016","imagem":"https:\/\/images.futebolinterior.com.br\/2021\/04\/0002050193147_img-300x169.jpg","resumo":"Ap\u00f3s a derrota para o Atl\u00e9tico-GO no Serra Dourada, o Luverdense j\u00e1 come\u00e7a a pensar no pr\u00f3ximo advers\u00e1rio no Campeonato Brasileiro da S\u00e9rie B"},"528541":{"titulo":"S\u00e9rie B: N\u00e1utico treina com Givanildo Oliveira para seguir na briga pelo acesso","link":"https:\/\/www.futebolinterior.com.br\/serie-b-nautico-treina-com-givanildo-oliveira-para-seguir-na-briga-pelo-acesso\/","chapeu":"FERA","data":"07\/09\/2016","imagem":"https:\/\/images.futebolinterior.com.br\/2021\/04\/0002050193144_img-300x225.jpg","resumo":"Com um in\u00edcio de returno abaixo do esperado, o N\u00e1utico sabe que precisa evoluir o quanto antes para seguir firme na luta pelo acesso na S\u00e9rie B do Campeonato Brasileiro"},"528674":{"titulo":"S\u00e9rie B: Bragantino acerta com Marc\u00e3o, artilheiro do Ituano na S\u00e9rie D","link":"https:\/\/www.futebolinterior.com.br\/serie-b-bragantino-acerta-com-marcao-artilheiro-do-ituano-na-serie-d\/","chapeu":"MATADOR","data":"07\/09\/2016","imagem":"https:\/\/images.futebolinterior.com.br\/2021\/04\/0002050193133_img-300x189.jpg","resumo":"O novo refor\u00e7o marcou cinco gols em nove jogos pelo Campeonato Brasileiro"},"528448":{"titulo":"S\u00e9rie B: Mesmo depois da reforma, Vila Nova cogita n\u00e3o jogar no OBA","link":"https:\/\/www.futebolinterior.com.br\/serie-b-mesmo-depois-da-reforma-vila-nova-cogita-nao-jogar-no-oba\/","chapeu":"COMO ASSIM?","data":"07\/09\/2016","imagem":"https:\/\/images.futebolinterior.com.br\/2021\/04\/0002050193132_img-300x168.jpg","resumo":"Mesmo depois de todo o investimento para reformar o est\u00e1dio On\u00e9sio Brasileiro Alvarenga, mais conhecido como OBA, o Vila Nova pode voltar ao Serra Dourada na S\u00e9rie B"},"528551":{"titulo":"S\u00e9rie B: Com refor\u00e7os e desfalques, Cl\u00e1udio Tencatti quebra cabe\u00e7a para montar Londrina","link":"https:\/\/www.futebolinterior.com.br\/serie-b-com-reforcos-e-desfalques-claudio-tencatti-quebra-cabeca-para-montar-londrina\/","chapeu":"D\u00daVIDAS","data":"07\/09\/2016","imagem":"https:\/\/images.futebolinterior.com.br\/2021\/04\/0002050193128_img-300x204.jpg","resumo":"Tencati ainda tem tr\u00eas dias para escolher a melhor forma\u00e7\u00e3o, mas tem um esbo\u00e7o na cabe\u00e7a"},"528595":{"titulo":"Bragantino 2 x 1 Sampaio Corr\u00eaa - Massa Bruta vence e dorme fora do Z4","link":"https:\/\/www.futebolinterior.com.br\/bragantino-2-x-1-sampaio-correa-massa-bruta-vence-e-dorme-fora-do-z4\/","chapeu":"UFA!","data":"06\/09\/2016","imagem":0,"resumo":"Nos minutos finais, o time da casa ficou com um homem a menos ap\u00f3s a expuls\u00e3o de Alem\u00e3o, mas soube controlar o resultado"},"528605":{"titulo":"Atl\u00e9tico-GO 2 x 0 Luverdense - Drag\u00e3o vence no Serra Dourada e assume lideran\u00e7a","link":"https:\/\/www.futebolinterior.com.br\/atletico-go-2-x-0-luverdense-dragao-vence-no-serra-dourada-e-assume-lideranca\/","chapeu":"ME SEGURA!","data":"06\/09\/2016","imagem":0,"resumo":"O time goiano pode ainda ser ultrapassado por Vasco e Brasil de Pelotas at\u00e9 o final da rodada"},"529618":{"titulo":"S\u00c9RIE B: Atl\u00e9tico-GO dorme na lideran\u00e7a e Braga deixa zona de rebaixamento","link":"https:\/\/www.futebolinterior.com.br\/serie-b-atletico-go-dorme-na-lideranca-e-braga-deixa-zona-de-rebaixamento\/","chapeu":"NOVO COMANDO!","data":"06\/09\/2016","imagem":"https:\/\/images.futebolinterior.com.br\/2021\/04\/0002050193033_img-300x130.jpg","resumo":"Luverdense ainda fica em situa\u00e7\u00e3o tranquila, enquanto o Sampaio se afunda na lanterna"},"528592":{"titulo":"S\u00e9rie B: Luan respalda torcida e lamenta m\u00e1 fase do Vasco: 'N\u00e3o \u00e9 aceit\u00e1vel'","link":"https:\/\/www.futebolinterior.com.br\/serie-b-luan-respalda-torcida-e-lamenta-ma-fase-do-vasco-nao-e-aceitavel\/","chapeu":"PARA MELHORAR!","data":"06\/09\/2016","imagem":"https:\/\/images.futebolinterior.com.br\/2021\/04\/0002050193019_img-300x200.jpg","resumo":"Campe\u00e3o ol\u00edmpico pela sele\u00e7\u00e3o brasileira, o zagueiro reafirmou o inc\u00f4modo pelo fato de n\u00e3o ter vencido desde que voltou ao time"},"528708":{"titulo":"S\u00e9rie B: Ap\u00f3s derrota, Estevam Soares descarta jogar a toalha: \"estamos na luta\"","link":"https:\/\/www.futebolinterior.com.br\/serie-b-apos-derrota-estevam-soares-descarta-jogar-a-toalha-estamos-na-luta\/","chapeu":"\u00c9 POSS\u00cdVEL","data":"06\/09\/2016","imagem":"https:\/\/images.futebolinterior.com.br\/2021\/04\/0002050193010_img-300x130.jpg","resumo":"O Galo Carij\u00f3 tem 22 pontos, cinco a menos que o primeiro time fora da zona de rebaixamento"}}