{"528729":{"titulo":"S\u00e9rie B: Guto Ferreira estuda op\u00e7\u00f5es para substituir Renato Caj\u00e1 no Bahia","link":"https:\/\/www.futebolinterior.com.br\/serie-b-guto-ferreira-estuda-opcoes-para-substituir-renato-caja-no-bahia\/","chapeu":"TEM TEMPO","data":"06\/09\/2016","imagem":"https:\/\/images.futebolinterior.com.br\/2021\/04\/0002050193000_img-300x161.jpg","resumo":" A tend\u00eancia \u00e9 que R\u00e9gis seja o escolhido, assim como aconteceu no decorrer do \u00faltimo jogo"},"528659":{"titulo":"S\u00e9rie B: Thiago Humberto pode estrear pelo Crici\u00fama","link":"https:\/\/www.futebolinterior.com.br\/serie-b-thiago-humberto-pode-estrear-pelo-criciuma\/","chapeu":"BOA NOT\u00cdCIA","data":"06\/09\/2016","imagem":"https:\/\/images.futebolinterior.com.br\/2021\/04\/0002050192988_img.jpg","resumo":"O jogador n\u00e3o enfrentou o CRB porque tinha que cumprir uma suspens\u00e3o da \u00e9poca em que defendia o Linense"},"529717":{"titulo":"S\u00e9rie B: Capa, do Ava\u00ed, comemora bom momento da equipe e distanciamento da zona da degola","link":"https:\/\/www.futebolinterior.com.br\/serie-b-capa-do-avai-comemora-bom-momento-da-equipe-e-distanciamento-da-zona-da-degola\/","chapeu":"X\u00d4 DEGOLA!","data":"06\/09\/2016","imagem":"https:\/\/images.futebolinterior.com.br\/2021\/04\/0002050192955_img-300x200.jpg","resumo":"Com tr\u00eas resultados positivos na sequ\u00eancia, o Ava\u00ed chega para o confronto diante do Crici\u00fama em ascens\u00e3o no Campeonato Brasileiro S\u00e9rie B, se distanciando da zona do rebaixamento"},"528704":{"titulo":"S\u00e9rie B: Elenco do Joinville convoca torcida para jogo \"divisor de \u00e1guas\"","link":"https:\/\/www.futebolinterior.com.br\/serie-b-elenco-do-joinville-convoca-torcida-para-jogo-divisor-de-aguas\/","chapeu":"CALDEIR\u00c3O?","data":"06\/09\/2016","imagem":"https:\/\/images.futebolinterior.com.br\/2021\/04\/0002050192943_img-300x200.jpg","resumo":"O JEC tem a pior campanha como mandante na competi\u00e7\u00e3o, mas espera dar a volta por cima em um confronto direto"},"528712":{"titulo":"S\u00e9rie B: Goleiro ex-Bugre est\u00e1 pr\u00f3ximo de completar 100 jogos pelo Paysandu","link":"https:\/\/www.futebolinterior.com.br\/serie-b-goleiro-ex-bugre-esta-proximo-de-completar-100-jogos-pelo-paysandu\/","chapeu":"MARCA HIST\u00d3RICA","data":"06\/09\/2016","imagem":"https:\/\/images.futebolinterior.com.br\/2021\/04\/0002050192939_img-300x188.jpg","resumo":"A semana para o goleiro Emerson promete ser bastante movimentada. Se recuperando de dores no quadril, o jogador tem a miss\u00e3o de retornar para ajudar o Paysandu nos dois pr\u00f3ximos"},"528723":{"titulo":"S\u00e9rie B: Hugo deixa N\u00e1utico por conta de problemas particulares","link":"https:\/\/www.futebolinterior.com.br\/serie-b-hugo-deixa-nautico-por-conta-de-problemas-particulares\/","chapeu":"DE SURPRESA","data":"06\/09\/2016","imagem":"https:\/\/images.futebolinterior.com.br\/2021\/04\/0002050192931_img-300x225.jpg","resumo":"A diretoria alvirrubra disse que vai tentar repor a sa\u00edda do jogador, mas lembrou que o prazo de inscri\u00e7\u00e3o se encerra no pr\u00f3ximo dia 15"},"528735":{"titulo":"S\u00e9rie B: Simon v\u00ea elenco do Vila Nova mais confiante e sonha em melhorar","link":"https:\/\/www.futebolinterior.com.br\/serie-b-simon-ve-elenco-do-vila-nova-mais-confiante-e-sonha-em-melhorar\/","chapeu":"FERA","data":"06\/09\/2016","imagem":"https:\/\/images.futebolinterior.com.br\/2021\/04\/0002050192923_img-300x153.jpg","resumo":"E mais uma vez o Vila Nova ir\u00e1 enfrentar um advers\u00e1rio que est\u00e1 no topo da tabela"},"528839":{"titulo":"S\u00e9rie B: Paran\u00e1 assina com ex-lateral do Crici\u00fama e volante da S\u00e9rie D","link":"https:\/\/www.futebolinterior.com.br\/serie-b-parana-assina-com-ex-lateral-do-criciuma-e-volante-da-serie-d\/","chapeu":"MERCADO","data":"06\/09\/2016","imagem":"https:\/\/images.futebolinterior.com.br\/2021\/04\/0002050192922_img-300x169.jpg","resumo":"O Paran\u00e1 definiu dois novos refor\u00e7os para a sequ\u00eancia desta temporada"},"528745":{"titulo":"S\u00e9rie B: Cear\u00e1 assina com meia encostado em time do Brasileir\u00e3o","link":"https:\/\/www.futebolinterior.com.br\/serie-b-ceara-assina-com-meia-encostado-em-time-do-brasileirao\/","chapeu":"MERCADO","data":"06\/09\/2016","imagem":"https:\/\/images.futebolinterior.com.br\/2021\/04\/0002050192918_img.jpg","resumo":"Mais um jogador chegou a Fortaleza nesta semana, mas passou despercebido dos holofotes"},"528756":{"titulo":"S\u00e9rie B: Com medo de protestos, Paysandu enfrenta o Brasil no Mangueir\u00e3o","link":"https:\/\/www.futebolinterior.com.br\/serie-b-com-medo-de-protestos-paysandu-enfrenta-o-brasil-no-mangueirao\/","chapeu":"FUGIU","data":"06\/09\/2016","imagem":"https:\/\/images.futebolinterior.com.br\/2021\/04\/0002050192914_img-300x200.jpg","resumo":"A crise se instaurou de vez no Paysandu, ap\u00f3s a terceira derrota consecutiva no Campeonato Brasileiro da S\u00e9rie B"}}