{"528431":{"titulo":"S\u00e9rie B: Na mira do Figueirense, meia Marco Ant\u00f4nio, ex-Barcelusa, acerta com N\u00e1utico","link":"https:\/\/www.futebolinterior.com.br\/serie-b-na-mira-do-figueirense-meia-marco-antonio-ex-barcelusa-acerta-com-nautico\/","chapeu":"NOVO REFOR\u00c7O!","data":"07\/09\/2016","imagem":"https:\/\/images.futebolinterior.com.br\/2021\/04\/0002050193228_img-300x225.jpg","resumo":"O jogador teve uma boa passagem pelo Timbu em 2004, sendo decisivo na conquista do t\u00edtulo Estadual"},"529369":{"titulo":"S\u00e9rie B: Rog\u00e9rio Zimmermann descarta empolga\u00e7\u00e3o no Brasil de Pelotas ap\u00f3s boa sequ\u00eancia","link":"https:\/\/www.futebolinterior.com.br\/serie-b-rogerio-zimmermann-descarta-empolgacao-no-brasil-de-pelotas-apos-boa-sequencia\/","chapeu":"P\u00c9S NO CH\u00c3O","data":"07\/09\/2016","imagem":"https:\/\/images.futebolinterior.com.br\/2021\/04\/0002050193223_img-300x200.jpg","resumo":"O Xavante est\u00e1 na terceira coloca\u00e7\u00e3o e pode dormir na lideran\u00e7a na sexta-feira"},"528558":{"titulo":"S\u00e9rie B: Ah, \u00e9 Gordiola! Guto Ferreira faz anivers\u00e1rio e ganha apelido no Bahia","link":"https:\/\/www.futebolinterior.com.br\/serie-b-ah-e-gordiola-guto-ferreira-faz-aniversario-e-ganha-apelido-no-bahia\/","chapeu":"AH, \u00c9 GORDIOLA!","data":"07\/09\/2016","imagem":"https:\/\/images.futebolinterior.com.br\/2021\/04\/0002050193221_img-300x184.jpg","resumo":"O treinador comemorou 51 anos e n\u00e3o foi poupado das brincadeiras do atletas do Tricolor Baiano"},"528360":{"titulo":"Preparador F\u00edsico vice-campe\u00e3o com o Guarani aguarda propostas","link":"https:\/\/www.futebolinterior.com.br\/preparador-fisico-vice-campeao-com-o-guarani-aguarda-propostas\/","chapeu":"NO MERCADO!","data":"07\/09\/2016","imagem":"https:\/\/images.futebolinterior.com.br\/2021\/04\/0002050193194_img.jpg","resumo":"Preparador F\u00edsico vice-campe\u00e3o com o Guarani aguarda propostas\r\n"},"528611":{"titulo":"Ponte Preta assina pr\u00e9-contrato com Erick, destaque do Bragantino na S\u00e9rie B","link":"https:\/\/www.futebolinterior.com.br\/ponte-preta-assina-pre-contrato-com-erick-destaque-do-bragantino-na-serie-b\/","chapeu":"PENSANDO LONGE","data":"07\/09\/2016","imagem":"https:\/\/images.futebolinterior.com.br\/2021\/04\/0002050193188_img.jpg","resumo":"O jogador de 21 anos \u00e9 natural de Campinas e foi revelado na base do Internacional"},"528395":{"titulo":"Estreia de Tite na Sele\u00e7\u00e3o Brasileira n\u00e3o poderia ter sido melhor","link":"https:\/\/www.futebolinterior.com.br\/estreia-de-tite-na-selecao-brasileira-nao-poderia-ter-sido-melhor\/","chapeu":"OPINI\u00c3O","data":"07\/09\/2016","imagem":"https:\/\/images.futebolinterior.com.br\/2021\/04\/0002050193174_img-300x200.jpg","resumo":" Com toda sua bagagem, sua experi\u00eancia, sua compet\u00eancia ele mudou a Sele\u00e7\u00e3o Brasileira em curt\u00edssimo espa\u00e7o de tempo. "},"528509":{"titulo":"City Bier de Araras faz anivers\u00e1rio e recebe visita de Pepe","link":"https:\/\/www.futebolinterior.com.br\/city-bier-de-araras-faz-aniversario-e-recebe-visita-de-pepe\/","chapeu":"FESTA!!!","data":"07\/09\/2016","imagem":"https:\/\/images.futebolinterior.com.br\/2021\/04\/0002050193165_img-209x300.png","resumo":"City Bier de Araras faz anivers\u00e1rio e recebe a visita de Pepe"},"528409":{"titulo":"S\u00e9rie B: No feriado, Sampaio Corr\u00eaa assina com ex-goleiro do River","link":"https:\/\/www.futebolinterior.com.br\/serie-b-no-feriado-sampaio-correa-assina-com-ex-goleiro-do-river\/","chapeu":"ASSINADO","data":"07\/09\/2016","imagem":"https:\/\/images.futebolinterior.com.br\/2021\/04\/0002050193160_img-225x300.jpg","resumo":"Uma semana depois de anunciar sua sa\u00edda do River, o goleiro Naylson j\u00e1 assinou com o Sampaio Corr\u00eaa na S\u00e9rie B do Campeonato Brasileiro"},"528403":{"titulo":"S\u00e9rie B: Robson, do Paran\u00e1, viaja para assinar com S\u00e3o Paulo","link":"https:\/\/www.futebolinterior.com.br\/serie-b-robson-do-parana-viaja-para-assinar-com-sao-paulo\/","chapeu":"QUASE L\u00c1","data":"07\/09\/2016","imagem":"https:\/\/images.futebolinterior.com.br\/2021\/04\/0002050193161_img-300x193.jpg","resumo":"O jogador pertence ao S\u00e3o Caetano e ser\u00e1 emprestado at\u00e9 o fim do Paulist\u00e3o"},"528530":{"titulo":"S\u00e9rie B: Gilson Kleina comanda primeiros trabalhos com elenco do Goi\u00e1s","link":"https:\/\/www.futebolinterior.com.br\/serie-b-gilson-kleina-comanda-primeiros-trabalhos-com-elenco-do-goias\/","chapeu":"E A\u00cd?","data":"07\/09\/2016","imagem":"https:\/\/images.futebolinterior.com.br\/2021\/04\/0002050193149_img-300x200.jpg","resumo":"O Goi\u00e1s segue se preparando para o seu pr\u00f3ximo compromisso, que ser\u00e1 no s\u00e1bado, contra o Cear\u00e1, \u00e0s 18h30, no est\u00e1dio Serra Dourada, pela 24\u00aa rodada"}}