{"522502":{"titulo":"Bahia x Crici\u00fama \u2013 Vale uma vaga no G4 da S\u00e9rie B!","link":"https:\/\/www.futebolinterior.com.br\/bahia-x-criciuma-vale-uma-vaga-no-g4-da-serie-b\/","chapeu":"SUBINDO","data":"29\/09\/2016","imagem":"https:\/\/images.futebolinterior.com.br\/2021\/04\/0002050198928_img-300x209.jpg","resumo":"O Bahia pode confirmar uma vaga no G4 do Campeonato Brasileiro da S\u00e9rie B nesta sexta-feira, pela 28\u00aa rodada da competi\u00e7\u00e3o"},"523431":{"titulo":"S\u00e9rie B: R\u00e1dio Cultura de Joinville transmitir\u00e1 todos os jogos do JEC em outubro","link":"https:\/\/www.futebolinterior.com.br\/serie-b-radio-cultura-de-joinville-transmitira-todos-os-jogos-do-jec-em-outubro\/","chapeu":"CONFIRA!","data":"29\/09\/2016","imagem":"https:\/\/images.futebolinterior.com.br\/2021\/04\/0002050198927_img-300x200.jpg","resumo":" A r\u00e1dio Cultura de Joinville n\u00e3o deixar\u00e1 voc\u00ea perder um minuto da campanha do JEC contra o rebaixamento na S\u00e9rie B do Campeonato Brasileiro"},"522511":{"titulo":"S\u00c9RIE B: Ava\u00ed tem vantagem, mas Crici\u00fama e Bahia tamb\u00e9m sonham com G4","link":"https:\/\/www.futebolinterior.com.br\/serie-b-avai-tem-vantagem-mas-criciuma-e-bahia-tambem-sonham-com-g4\/","chapeu":"L\u00c1 EM CIMA","data":"29\/09\/2016","imagem":"https:\/\/images.futebolinterior.com.br\/2021\/04\/0002050198924_img-300x200.jpg","resumo":"A briga pelo G4 do Campeonato Brasileiro da S\u00e9rie B esquentar\u00e1 ainda mais nesta sexta-feira, 30, pela 28\u00aa rodada da competi\u00e7\u00e3o"},"522678":{"titulo":"S\u00e9rie B: Com dificuldades financeiras, Paran\u00e1 vende mando de campo contra Vasco","link":"https:\/\/www.futebolinterior.com.br\/serie-b-com-dificuldades-financeiras-parana-vende-mando-de-campo-contra-vasco\/","chapeu":"MOTIVO JUSTO","data":"29\/09\/2016","imagem":"https:\/\/images.futebolinterior.com.br\/2021\/04\/0002050198920_img-300x200.jpg","resumo":"Neste Brasileiro, o Tricolor tem um preju\u00edzo de R$ 28.766,97 a cada jogo realizado na Vila Capanema"},"522688":{"titulo":"S\u00e9rie B: Claudinei Oliveira perde lateral e Ava\u00ed deve ter mudan\u00e7as","link":"https:\/\/www.futebolinterior.com.br\/serie-b-claudinei-oliveira-perde-lateral-e-avai-deve-ter-mudancas\/","chapeu":"FERA","data":"29\/09\/2016","imagem":"https:\/\/images.futebolinterior.com.br\/2021\/04\/0002050198915_img-300x225.jpg","resumo":"O Ava\u00ed vai atr\u00e1s da quinta vit\u00f3ria consecutiva nesta sexta-feira, pela 28\u00aa rodada do Campeonato Brasileiro da S\u00e9rie B"},"523464":{"titulo":"S\u00e9rie B: Jogadores pendurados preocupam Paysandu para duelo contra Vasco","link":"https:\/\/www.futebolinterior.com.br\/serie-b-jogadores-pendurados-preocupam-paysandu-para-duelo-contra-vasco\/","chapeu":"ALERTA","data":"29\/09\/2016","imagem":"https:\/\/images.futebolinterior.com.br\/2021\/04\/0002050198912_img-300x200.jpg","resumo":"O t\u00e9cnico Dado Cavalcanti pode ficar sem sete jogadores para o confronto da pr\u00f3xima rodada"},"522311":{"titulo":"S\u00e9rie B: Tozim volta a treinar, mas Luverdense tem outros desfalques","link":"https:\/\/www.futebolinterior.com.br\/serie-b-tozim-volta-a-treinar-mas-luverdense-tem-outros-desfalques\/","chapeu":"E A\u00cd?","data":"29\/09\/2016","imagem":"https:\/\/images.futebolinterior.com.br\/2021\/04\/0002050198891_img-300x200.jpg","resumo":"Ap\u00f3s ficar praticamente um m\u00eas fora dos jogos do Luverdense no Campeonato Brasileiro da S\u00e9rie B, o atacante Tozin est\u00e1 de volta aos trabalhos e poder\u00e1 ser escalado"},"522717":{"titulo":"S\u00e9rie B: Sem Niltinho, Crici\u00fama treina para manter sequencia positiva","link":"https:\/\/www.futebolinterior.com.br\/serie-b-sem-niltinho-criciuma-treina-para-manter-sequencia-positiva\/","chapeu":"PRA CIMA","data":"29\/09\/2016","imagem":"https:\/\/images.futebolinterior.com.br\/2021\/04\/0002050198887_img-300x200.jpg","resumo":"O Crici\u00fama joga por mais um resultado positivo no Campeonato Brasileiro da S\u00e9rie B"},"523509":{"titulo":"S\u00e9rie B: Atacante n\u00e3o treina e Bahia pode ter mudan\u00e7as na sexta-feira","link":"https:\/\/www.futebolinterior.com.br\/serie-b-atacante-nao-treina-e-bahia-pode-ter-mudancas-na-sexta-feira\/","chapeu":"E AGORA?","data":"29\/09\/2016","imagem":"https:\/\/images.futebolinterior.com.br\/2021\/04\/0002050198869_img-300x184.jpg","resumo":"Na tarde da \u00faltima quarta-feira o elenco do Bahia realizou o terceiro treinamento de prepara\u00e7\u00e3o para a partida contra o Crici\u00fama, na 28\u00aa rodada do Campeonato Brasileiro da S\u00e9rie B"},"522393":{"titulo":"Ex-goleiro do Corinthians deixa o Bragantino ap\u00f3s 3\u00aa derrota na S\u00e9rie B","link":"https:\/\/www.futebolinterior.com.br\/ex-goleiro-do-corinthians-deixa-o-bragantino-apos-3a-derrota-na-serie-b\/","chapeu":"ACABOU","data":"29\/09\/2016","imagem":"https:\/\/images.futebolinterior.com.br\/2021\/04\/0002050198828_img-300x190.jpg","resumo":"Contratado com pompa no in\u00edcio da temporada, o goleiro Felipe n\u00e3o defender\u00e1 mais o Bragantino na S\u00e9rie B do Campeonato Brasileiro"}}