{"522430":{"titulo":"S\u00e9rie B: Com pr\u00e9-contrato com a Ponte Preta, Erick \u00e9 dispensado do Bragantino","link":"https:\/\/www.futebolinterior.com.br\/serie-b-com-pre-contrato-com-a-ponte-preta-erick-e-dispensado-do-bragantino\/","chapeu":"VISH!","data":"29\/09\/2016","imagem":"https:\/\/images.futebolinterior.com.br\/2021\/04\/0002050198822_img.jpg","resumo":"Ap\u00f3s a dispensa do goleiro Felipe, a diretoria do Massa Bruta n\u00e3o escondeu o real motivo da sa\u00edda do jogador"},"522795":{"titulo":"S\u00e9rie B: N\u00e1utico desafia tabu de 30 anos em Recife contra o l\u00edder Vasco","link":"https:\/\/www.futebolinterior.com.br\/serie-b-nautico-desafia-tabu-de-30-anos-em-recife-contra-o-lider-vasco\/","chapeu":"HIST\u00d3RIA","data":"29\/09\/2016","imagem":"https:\/\/images.futebolinterior.com.br\/2021\/04\/0002050198807_img-300x200.jpg","resumo":"N\u00e1utico enfrenta o Vasco neste s\u00e1bado, as 16h30, na Arena Pernambuco, em Recife (PE), pela 28\u00aa rodada do Campeonato Brasileiro da S\u00e9rie B"},"522636":{"titulo":"S\u00e9rie B: Goi\u00e1s joga para igualar retrospecto com o Paran\u00e1 no Serra Dourada","link":"https:\/\/www.futebolinterior.com.br\/serie-b-goias-joga-para-igualar-retrospecto-com-o-parana-no-serra-dourada\/","chapeu":"FORTE","data":"29\/09\/2016","imagem":"https:\/\/images.futebolinterior.com.br\/2021\/04\/0002050198805_img-300x200.jpg","resumo":"Em confronto direto para se distanciar do Z4 e come\u00e7ar a sonhar com o G4, Goi\u00e1s encara o Paran\u00e1 nesta quinta-feira (29), \u00e0s 21h, no est\u00e1dio Serra Dourada, em Goi\u00e2nia"},"523576":{"titulo":"Goi\u00e1s x Paran\u00e1 - Em busca da paz na S\u00e9rie B","link":"https:\/\/www.futebolinterior.com.br\/goias-x-parana-em-busca-da-paz-na-serie-b\/","chapeu":"DUELO DIRETO","data":"29\/09\/2016","imagem":"https:\/\/images.futebolinterior.com.br\/2021\/04\/0002050198826_img-300x170.jpg","resumo":"Separados por apenas um ponto, os dois times tentam se distanciar da zona de rebaixamento"},"522551":{"titulo":"Rog\u00e9rio Zimmermann levar\u00e1 o Brasil de Pelotas da s\u00e9rie B ga\u00facha \u00e0 s\u00e9rie A nacional?","link":"https:\/\/www.futebolinterior.com.br\/rogerio-zimmermann-levara-o-brasil-de-pelotas-da-serie-b-gaucha-a-serie-a-nacional\/","chapeu":"SER\u00c1?","data":"28\/09\/2016","imagem":"https:\/\/images.futebolinterior.com.br\/2021\/04\/0002050198565_img-300x225.jpg","resumo":"Em 2014 o Xavante comemorou o acesso em pleno Serej\u00e3o, em Bras\u00edlia"},"522955":{"titulo":"S\u00e9rie B: Douglas celebra ascens\u00e3o no Vasco e admite: 'N\u00e3o estava preparado para isso'","link":"https:\/\/www.futebolinterior.com.br\/serie-b-douglas-celebra-ascensao-no-vasco-e-admite-nao-estava-preparado-para-isso\/","chapeu":"MUITO R\u00c1PIDO","data":"28\/09\/2016","imagem":"https:\/\/images.futebolinterior.com.br\/2021\/04\/0002050198547_img-300x200.jpg","resumo":"\"N\u00e3o estava preparado, mas Deus sabe o que faz. Foi um grande imprevisto para mim, e muito bom, por sinal\", comentou"},"522586":{"titulo":"S\u00e9rie B: Pared\u00e3o do Sampaio Corr\u00eaa, Rodrigo Ramos cr\u00ea que o time n\u00e3o ser\u00e1 rebaixado","link":"https:\/\/www.futebolinterior.com.br\/serie-b-paredao-do-sampaio-correa-rodrigo-ramos-cre-que-o-time-nao-sera-rebaixado\/","chapeu":"EU ACREDITO! ","data":"28\/09\/2016","imagem":"https:\/\/images.futebolinterior.com.br\/2021\/04\/0002050198538_img-300x200.jpg","resumo":"Devido a evolu\u00e7\u00e3o demonstrada nas \u00faltimas partidas, arqueiro refor\u00e7a discurso dos jogadores que seguem confiantes na recupera\u00e7\u00e3o "},"522822":{"titulo":"S\u00e9rie B: Revelados no Santos, Adriano do Goi\u00e1s e Lucas do Paran\u00e1 voltam a se encarar","link":"https:\/\/www.futebolinterior.com.br\/serie-b-revelados-no-santos-adriano-do-goias-e-lucas-do-parana-voltam-a-se-encarar\/","chapeu":"REENCONTRO","data":"28\/09\/2016","imagem":"https:\/\/images.futebolinterior.com.br\/2021\/04\/0002050198539_img-300x300.jpg","resumo":"Campe\u00e3o da Libertadores de 2011 ao lado de Neymar e Paulo Henrique Ganso, Adriano ser\u00e1 o respons\u00e1vel pela marca\u00e7\u00e3o no meio-campo"},"522998":{"titulo":"S\u00e9rie B: Bragantino tenta ampliar vantagem na hist\u00f3ria de confrontos com o CRB","link":"https:\/\/www.futebolinterior.com.br\/serie-b-bragantino-tenta-ampliar-vantagem-na-historia-de-confrontos-com-o-crb\/","chapeu":"DUELO ACIRRADO!","data":"28\/09\/2016","imagem":"https:\/\/images.futebolinterior.com.br\/2021\/04\/0002050198521_img-300x200.jpg","resumo":"Em nove jogos realizados entre os clubes, o Massa Bruta ganhou cinco, tendo perdido os outros quatro. Cada time marcou 12 gols "},"523847":{"titulo":"Por conta das elei\u00e7\u00f5es, CBF adia jogo da S\u00e9rie B","link":"https:\/\/www.futebolinterior.com.br\/por-conta-das-eleicoes-cbf-adia-jogo-da-serie-b\/","chapeu":"PARA DEPOIS","data":"28\/09\/2016","imagem":"https:\/\/images.futebolinterior.com.br\/2021\/04\/0002050198518_img-300x225.jpg","resumo":"Ap\u00f3s pedido policial, entidade remarcou o duelo entre Sampaio Corr\u00eaa e Vila Nova para o dia 25 de outubro"}}