{"522556":{"titulo":"Goi\u00e1s 4 x 0 Paran\u00e1 - Com primeiro tempo fulminante, Verd\u00e3o goleia e se afasta do Z4","link":"https:\/\/www.futebolinterior.com.br\/goias-4-x-0-parana-com-primeiro-tempo-fulminante-verdao-goleia-e-se-afasta-do-z4\/","chapeu":"SUBINDO!","data":"29\/09\/2016","imagem":0,"resumo":"L\u00e9o Gamalho, com dois gols marcados, foi o destaque do Esmeraldino novamente. O centroavante marcou nos \u00faltimos cinco jogos"},"522566":{"titulo":"Andrezinho quer garantir vaga o quanto antes na S\u00e9rie A: '\u00c9 o lugar do Vasco'","link":"https:\/\/www.futebolinterior.com.br\/andrezinho-quer-garantir-vaga-o-quanto-antes-na-serie-a-e-o-lugar-do-vasco\/","chapeu":"QUASE L\u00c1!","data":"29\/09\/2016","imagem":"https:\/\/images.futebolinterior.com.br\/2021\/04\/0002050198993_img-300x200.jpg","resumo":"J\u00e1 s\u00e3o quatro partidas sem derrota na S\u00e9rie B - tr\u00eas vit\u00f3rias e um empate - e a confian\u00e7a no acesso voltou ao grupo e \u00e0 torcida"},"522196":{"titulo":"Ava\u00ed x Paysandu - Para se firmar no G4 e \"eliminar\" concorrente","link":"https:\/\/www.futebolinterior.com.br\/avai-x-paysandu-para-se-firmar-no-g4-e-eliminar-concorrente\/","chapeu":"EMBALADO","data":"29\/09\/2016","imagem":"https:\/\/images.futebolinterior.com.br\/2021\/04\/0002050198991_img-300x200.jpg","resumo":"Dono da melhor campanha do segundo turno, Le\u00e3o espera contar com o apoio da torcida"},"523359":{"titulo":"Luverdense x Tupi - Galo Carij\u00f3 precisa reagir para ver luz no fim do t\u00fanel","link":"https:\/\/www.futebolinterior.com.br\/luverdense-x-tupi-galo-carijo-precisa-reagir-para-ver-luz-no-fim-do-tunel\/","chapeu":"T\u00c1 NA HORA","data":"29\/09\/2016","imagem":"https:\/\/images.futebolinterior.com.br\/2021\/04\/0002050198987_img.jpg","resumo":"Na zona de rebaixamento, o time mineiro tem a segunda pior como visitante na S\u00e9rie B"},"522207":{"titulo":"S\u00e9rie B: Tupi viaja para Lucas do Rio Verde querendo voltar com pontos na bagagem","link":"https:\/\/www.futebolinterior.com.br\/serie-b-tupi-viaja-para-lucas-do-rio-verde-querendo-voltar-com-pontos-na-bagagem\/","chapeu":"NECESS\u00c1RIO","data":"29\/09\/2016","imagem":"https:\/\/images.futebolinterior.com.br\/2021\/04\/0002050198982_img-300x214.jpg","resumo":"O t\u00e9cnico Ricardinho disse que o Galo Carij\u00f3 precisa come\u00e7ar a pontuar como visitante"},"522585":{"titulo":"S\u00e9rie B: Torcida do Cear\u00e1 picha muro e Robinson de Castro se re\u00fane com elenco","link":"https:\/\/www.futebolinterior.com.br\/serie-b-torcida-do-ceara-picha-muro-e-robinson-de-castro-se-reune-com-elenco\/","chapeu":"DIA AGITADO","data":"29\/09\/2016","imagem":"https:\/\/images.futebolinterior.com.br\/2021\/04\/0002050198975_img-300x191.jpg","resumo":"Pedras e roj\u00f5es foram atiradas para dentro do clube e acertaram o carro do meia Wescley"},"522230":{"titulo":"Corinthians acerta contrata\u00e7\u00e3o de atacante Luidy do CRB","link":"https:\/\/www.futebolinterior.com.br\/corinthians-acerta-contratacao-de-atacante-luidy-do-crb\/","chapeu":"FECHADO!","data":"29\/09\/2016","imagem":"https:\/\/images.futebolinterior.com.br\/2021\/04\/0002050198966_img-300x200.jpg","resumo":"O Tim\u00e3o fechou a compra de 70% dos direitos econ\u00f4micos do jogador para a temporada 2017"},"522465":{"titulo":"S\u00e9rie B: Magno Cruz sente les\u00e3o e desfalca Atl\u00e9tico-GO em confronto direto","link":"https:\/\/www.futebolinterior.com.br\/serie-b-magno-cruz-sente-lesao-e-desfalca-atletico-go-em-confronto-direto\/","chapeu":"BAIXA","data":"29\/09\/2016","imagem":"https:\/\/images.futebolinterior.com.br\/2021\/04\/0002050198954_img-300x173.jpg","resumo":"O jogador j\u00e1 foi vetado pelo departamento m\u00e9dico para a partida de ter\u00e7a-feira, contra o CRB"},"523420":{"titulo":"S\u00e9rie B: Meia Caique Vald\u00edvia comemora bom momento no Crici\u00fama","link":"https:\/\/www.futebolinterior.com.br\/serie-b-meia-caique-valdivia-comemora-bom-momento-no-criciuma\/","chapeu":"BOA FASE!","data":"29\/09\/2016","imagem":"https:\/\/images.futebolinterior.com.br\/2021\/04\/0002050198933_img-300x200.jpg","resumo":"Os n\u00fameros do jogador justificam sua perman\u00eancia no time e o credenciam para atuar em mais de uma posi\u00e7\u00e3o no meio-campo"},"522260":{"titulo":"S\u00e9rie B: Afastado h\u00e1 um m\u00eas, Frontini \u00e9 reintegrado no Vila Nova","link":"https:\/\/www.futebolinterior.com.br\/serie-b-afastado-ha-um-mes-frontini-e-reintegrado-no-vila-nova\/","chapeu":"A\u00cd SIM","data":"29\/09\/2016","imagem":"https:\/\/images.futebolinterior.com.br\/2021\/04\/0002050198930_img-227x300.jpg","resumo":"O jogador de 35 anos n\u00e3o vinha treinando com os companheiros desde que se desentendeu com a diretoria"}}