{"641787":{"titulo":"Substituto de Caj\u00e1? No ABC, Ronaldo Mendes, ex-Guarani, \u00e9 sondado pela Ponte Preta","link":"https:\/\/www.futebolinterior.com.br\/substituto-de-caja-no-abc-ronaldo-mendes-ex-guarani-e-sondado-pela-ponte-preta\/","chapeu":"NOVA CASA?","data":"10\/06\/2015","imagem":"https:\/\/images.futebolinterior.com.br\/2021\/04\/0002050086627_img-300x218.jpg","resumo":"A diretoria deve dificultar a sa\u00edda do jogador, mas assume que pode o liberar em caso de boa proposta"},"641793":{"titulo":"Ava\u00ed repatria William Bator\u00e9, ex-Ponte Preta e Santos, para o Brasileir\u00e3o","link":"https:\/\/www.futebolinterior.com.br\/avai-repatria-william-batore-ex-ponte-preta-e-santos-para-o-brasileirao\/","chapeu":"ARTILHEIRO NA \u00c1REA!","data":"10\/06\/2015","imagem":"https:\/\/images.futebolinterior.com.br\/2021\/04\/0002050086623_img-300x225.jpg","resumo":"O atacante William Bator\u00e9, que estava no Cear\u00e1, acertou seu retorno para o Ava\u00ed, clube onde atuou entre 2008 e 2009 e em 2011, para a sequ\u00eancia do Campeonato Brasileiro."},"641817":{"titulo":"Vladimir de Jesus busca nova oportunidade no futebol brasileiro","link":"https:\/\/www.futebolinterior.com.br\/vladimir-de-jesus-busca-nova-oportunidade-no-futebol-brasileiro\/","chapeu":"SEM PARAR!","data":"10\/06\/2015","imagem":"https:\/\/images.futebolinterior.com.br\/2021\/04\/0002050086612_img-300x169.jpg","resumo":"Vladimir exerceu outras fun\u00e7\u00f5es no esporte como preparador f\u00edsico, auxiliar t\u00e9cnico, gerente de futebol e, agora, treinador"},"641822":{"titulo":"Com acessos na carreira, Ren\u00ea Cruz busca uma nova chance no mercado","link":"https:\/\/www.futebolinterior.com.br\/com-acessos-na-carreira-rene-cruz-busca-uma-nova-chance-no-mercado\/","chapeu":"NOVOS ARES!","data":"10\/06\/2015","imagem":"https:\/\/images.futebolinterior.com.br\/2021\/04\/0002050086606_img.jpg","resumo":"Jogador subiu \u00e0 elite do Paulist\u00e3o com o Novorizontino e, agora, quer novos desafios na carreira"},"641860":{"titulo":"S\u00e9rie C: Feliz na Portuguesa, J\u00fanior Lopes nega convite do Boa Esporte","link":"https:\/\/www.futebolinterior.com.br\/serie-c-feliz-na-portuguesa-junior-lopes-nega-convite-do-boa-esporte\/","chapeu":"NADA!","data":"10\/06\/2015","imagem":"https:\/\/images.futebolinterior.com.br\/2021\/04\/0002050086574_img-212x300.jpg","resumo":"Portuguesa est\u00e1 na zona de classifica\u00e7\u00e3o do Grupo B, na quarta posi\u00e7\u00e3o com sete pontos"},"641935":{"titulo":"Del Nero nega ren\u00fancia em audi\u00eancia no Congresso: 'Vou at\u00e9 o fim do meu mandato'. Veja o v\u00eddeo!","link":"https:\/\/www.futebolinterior.com.br\/del-nero-nega-renuncia-em-audiencia-no-congresso-vou-ate-o-fim-do-meu-mandato-veja-o-video\/","chapeu":"N\u00c3O SAIO!","data":"10\/06\/2015","imagem":0,"resumo":"Presidente realizou sabatina na C\u00e2mara e teve de responder at\u00e9 sobre o 7 a 1 contra a Alemanha"},"641943":{"titulo":"Oeste 0 x 1 Botafogo - Invencibilidade e lideran\u00e7a isolada da S\u00e9rie B","link":"https:\/\/www.futebolinterior.com.br\/oeste-0-x-1-botafogo-invencibilidade-e-lideranca-isolada-da-serie-b\/","chapeu":"DEU A L\u00d3GICA","data":"09\/06\/2015","imagem":0,"resumo":"O Botafogo encontrou dificuldades, mas conseguiu vencer o Oeste, por 1 a 0, pela s\u00e9tima rodada do Campeonato Brasileiro da S\u00e9rie B"},"641945":{"titulo":"S\u00c9RIE B: Botafogo n\u00e3o se esfor\u00e7a muito, vence Oeste e lidera com seis vit\u00f3rias","link":"https:\/\/www.futebolinterior.com.br\/serie-b-botafogo-nao-se-esforca-muito-vence-oeste-e-lidera-com-seis-vitorias\/","chapeu":"FOG\u00c3O NA PONTA SOZINHO","data":"09\/06\/2015","imagem":"https:\/\/images.futebolinterior.com.br\/2021\/04\/0002050086520_img-300x200.jpg","resumo":"O t\u00e9cnico Ren\u00ea Sim\u00f5es preservou alguns titulares, num rod\u00edzio programado para suportar a maratona de jogos. O gol saiu no segundo tempo com Rodrigo Pimp\u00e3o. "},"641958":{"titulo":"S\u00e9rie B: Ex-volante de Palmeiras e Vasco, Sandro Silva \u00e9 apresentado no Bragantino","link":"https:\/\/www.futebolinterior.com.br\/serie-b-ex-volante-de-palmeiras-e-vasco-sandro-silva-e-apresentado-no-bragantino\/","chapeu":"FECHOU!","data":"09\/06\/2015","imagem":"https:\/\/images.futebolinterior.com.br\/2021\/04\/0002050086500_img-300x141.jpg","resumo":"O jogador foi cedido por empr\u00e9stimo pelo Trem Bala da Colina at\u00e9 o final da temporada"},"641962":{"titulo":"S\u00e9rie B: Em busca de treinador, Boa Esporte dispensa tr\u00eas jogadores","link":"https:\/\/www.futebolinterior.com.br\/serie-b-em-busca-de-treinador-boa-esporte-dispensa-tres-jogadores\/","chapeu":"MUDAN\u00c7AS","data":"09\/06\/2015","imagem":"https:\/\/images.futebolinterior.com.br\/2021\/04\/0002050086498_img-300x172.jpg","resumo":"A diretoria do Boa Esporte anunciou nesta ter\u00e7a-feira a sa\u00edda de tr\u00eas jogadores. O meia Felipe Baiano e os atacantes Ualisson Pikachu e Rodrig\u00e3o n\u00e3o fazem mais parte do elenco"}}