{"641974":{"titulo":"Paran\u00e1 1 x 0 Luverdense - Tricolor encerra s\u00e9rie de derrotas e se afasta do Z4 da S\u00e9rie B","link":"https:\/\/www.futebolinterior.com.br\/parana-1-x-0-luverdense-tricolor-encerra-serie-de-derrotas-e-se-afasta-do-z4-da-serie-b\/","chapeu":"UFA!","data":"09\/06\/2015","imagem":0,"resumo":"O Tricolor respira mais aliviado, enquanto que o LEC fica estacionado no meio da tabela de classifica\u00e7\u00e3o"},"641976":{"titulo":"S\u00e9rie B: Cear\u00e1 acerta empr\u00e9stimo de lateral Victor Lu\u00eds, que estava encostado no Palmeiras","link":"https:\/\/www.futebolinterior.com.br\/serie-b-ceara-acerta-emprestimo-de-lateral-victor-luis-que-estava-encostado-no-palmeiras\/","chapeu":"NOVA CARA!","data":"09\/06\/2015","imagem":"https:\/\/images.futebolinterior.com.br\/2021\/04\/0002050086475_img-300x187.jpg","resumo":"O jogador fica no Voz\u00e3o at\u00e9 dezembro de 2015. Acerto ocorreu bem no dia da demiss\u00e3o de Oswaldo de Oliveira"},"642056":{"titulo":"HAT-TRICK FI: Artilheiro do ano, Robert balan\u00e7a as redes tr\u00eas vezes pelo Sampaio Corr\u00eaa e recebe homenagem","link":"https:\/\/www.futebolinterior.com.br\/hat-trick-fi-artilheiro-do-ano-robert-balanca-as-redes-tres-vezes-pelo-sampaio-correa-e-recebe-homenagem\/","chapeu":"ESSE SABE!","data":"09\/06\/2015","imagem":0,"resumo":"O programa FANT\u00c1STICO faz sucesso h\u00e1 v\u00e1rias d\u00e9cadas naTV Globo e tem l\u00e1, num de seus destaques, um espa\u00e7o dedicado aos artilheiros "},"642021":{"titulo":"Artilheiro do Am\u00e9rica-MG, atacante Marcelo Toscano comemora boa fase na carreira","link":"https:\/\/www.futebolinterior.com.br\/artilheiro-do-america-mg-atacante-marcelo-toscano-comemora-boa-fase-na-carreira\/","chapeu":"NA REDE!","data":"09\/06\/2015","imagem":"https:\/\/images.futebolinterior.com.br\/2021\/04\/0002050086450_img-300x201.jpg","resumo":"Marcelo Toscano tem 17 gols na temporada e est\u00e1 no Top 5 no Brasil"},"642034":{"titulo":"Del Nero cogita alterar hor\u00e1rio dos jogos da noite do Brasileir\u00e3o a partir de 2016","link":"https:\/\/www.futebolinterior.com.br\/del-nero-cogita-alterar-horario-dos-jogos-da-noite-do-brasileirao-a-partir-de-2016\/","chapeu":"MAIS CEDO...","data":"09\/06\/2015","imagem":"https:\/\/images.futebolinterior.com.br\/2021\/04\/0002050086444_img-300x168.jpg","resumo":"Em audi\u00eancia p\u00fablica na C\u00e2mara dos Deputados nesta ter\u00e7a-feira, o presidente da CBF, Marco Polo Del Nero, disse que o hor\u00e1rio dos jogos pode ser antecipado das 22h para as 21h40"},"642066":{"titulo":"S\u00e9rie B: Maca\u00e9 faz promo\u00e7\u00e3o de ingressos para receber o Bragantino pela s\u00e9tima rodada","link":"https:\/\/www.futebolinterior.com.br\/serie-b-macae-faz-promocao-de-ingressos-para-receber-o-bragantino-pela-setima-rodada\/","chapeu":"CHANCE BOA","data":"09\/06\/2015","imagem":"https:\/\/images.futebolinterior.com.br\/2021\/04\/0002050086415_img-300x200.jpg","resumo":"Dono da 13\u00aa melhor m\u00e9dia de p\u00fablico da S\u00e9rie B - com 2.093 pagantes -, o Maca\u00e9 inicia nesta quarta-feira, a partir das 9h, a venda antecipada dos ingressos"},"642086":{"titulo":"S\u00e9rie B: Moacir J\u00fanior pede demiss\u00e3o no Crici\u00fama","link":"https:\/\/www.futebolinterior.com.br\/serie-b-moacir-junior-pede-demissao-no-criciuma\/","chapeu":"PASSOU O BON\u00c8","data":"09\/06\/2015","imagem":"https:\/\/images.futebolinterior.com.br\/2021\/04\/0002050086401_img-300x200.jpg","resumo":"Moacir J\u00fanior n\u00e3o \u00e9 mais t\u00e9cnico do Crici\u00fama. Mesmo ap\u00f3s ser bancado pela diretoria na segunda-feira, o treinador se reuniu com a sua comiss\u00e3o t\u00e9cnica "},"642099":{"titulo":"S\u00e9rie B: Santa Cruz contrata os atacantes Luisinho e Lel\u00ea","link":"https:\/\/www.futebolinterior.com.br\/serie-b-santa-cruz-contrata-os-atacantes-luisinho-e-lele\/","chapeu":"REFOR\u00c7OS","data":"09\/06\/2015","imagem":"https:\/\/images.futebolinterior.com.br\/2021\/04\/0002050086397_img-300x188.jpg","resumo":" Finalmente o torcedor do Santa Cruz ver\u00e1 dois novos refor\u00e7os atuando no Campeonato Brasileiro da S\u00e9rie B."},"642105":{"titulo":"S\u00e9rie B: Boa Esporte contrata Jonatas Paulista, volante do Vasco","link":"https:\/\/www.futebolinterior.com.br\/serie-b-boa-esporte-contrata-jonatas-paulista-volante-do-vasco\/","chapeu":"MAIS UM REFOR\u00c7O","data":"09\/06\/2015","imagem":"https:\/\/images.futebolinterior.com.br\/2021\/04\/0002050086483_img-224x300.jpg","resumo":" Ainda sem anunciar um novo treinador para a sequ\u00eancia do Campeonato Brasileiro da S\u00e9rie B, o Boa Esporte segue se refor\u00e7ando para a competi\u00e7\u00e3o. "},"642125":{"titulo":"S\u00e9rie B: ABC come\u00e7a a tra\u00e7ar planos mais audaciosos","link":"https:\/\/www.futebolinterior.com.br\/serie-b-abc-comeca-a-tracar-planos-mais-audaciosos\/","chapeu":"QUERENDO O ACESSO","data":"09\/06\/2015","imagem":"https:\/\/images.futebolinterior.com.br\/2021\/04\/0002050086382_img-300x201.jpg","resumo":"Ap\u00f3s tr\u00eas rodadas intensas no comando do ABC, o t\u00e9cnico Gilmar Dal Pozzo ter\u00e1 pela primeira vez uma semana praticamente cheia para treinamentos."}}