{"641688":{"titulo":"S\u00e9rie B: Vit\u00f3ria desiste de contrata\u00e7\u00e3o de zagueiro Kanu do Vit\u00f3ria de Guimar\u00e3es","link":"https:\/\/www.futebolinterior.com.br\/serie-b-vitoria-desiste-de-contratacao-de-zagueiro-kanu-do-vitoria-de-guimaraes\/","chapeu":"N\u00c3O VEM!","data":"10\/06\/2015","imagem":"https:\/\/images.futebolinterior.com.br\/2021\/04\/0002050086697_img-300x141.jpg","resumo":"O clube portugu\u00eas n\u00e3o liberou o jogador, que ter\u00e1 que cumprir seu contrato"},"641690":{"titulo":"Botafogo pode ultrapassar Corinthians e igualar Guarani com o melhor in\u00edcio de S\u00e9rie B","link":"https:\/\/www.futebolinterior.com.br\/botafogo-pode-ultrapassar-corinthians-e-igualar-guarani-com-o-melhor-inicio-de-serie-b\/","chapeu":"VAI QUE D\u00c1!","data":"10\/06\/2015","imagem":"https:\/\/images.futebolinterior.com.br\/2021\/04\/0002050086692_img-300x169.jpg","resumo":"Para conquistar o feito, o Fog\u00e3o precisa derrotar o Boa Esporte na pr\u00f3xima rodada; o N\u00e1utico tamb\u00e9m pode acompanhar o feito"},"641715":{"titulo":"Longe de ser exemplo de compet\u00eancia, Zico quer mudar regra para se candidatar a presidente da Fifa","link":"https:\/\/www.futebolinterior.com.br\/longe-de-ser-exemplo-de-competencia-zico-quer-mudar-regra-para-se-candidatar-a-presidente-da-fifa\/","chapeu":"FANFARR\u00c3O","data":"10\/06\/2015","imagem":"https:\/\/images.futebolinterior.com.br\/2021\/04\/0002050086683_img-300x166.jpg","resumo":"O ex-jogador de futebol Zico admitiu se candidatar para a presid\u00eancia da Fifa, mas somente se houver mudan\u00e7as nas regras eleitorais vigente"},"641722":{"titulo":"S\u00e9rie B: Crici\u00fama faz sondagem ao t\u00e9cnico Lisca do N\u00e1utico","link":"https:\/\/www.futebolinterior.com.br\/serie-b-criciuma-faz-sondagem-ao-tecnico-lisca-do-nautico\/","chapeu":"E AGORA?","data":"10\/06\/2015","imagem":"https:\/\/images.futebolinterior.com.br\/2021\/04\/0002050086675_img-300x200.jpg","resumo":"O treinador, por\u00e9m, confirmou ao Futebol Interior que permanecer\u00e1 no Timbu"},"641734":{"titulo":"S\u00e9rie B: J\u00fanior Rocha nega chegada de refor\u00e7os e confirma que grupo do Luverdense est\u00e1 fechado","link":"https:\/\/www.futebolinterior.com.br\/serie-b-junior-rocha-nega-chegada-de-reforcos-e-confirma-que-grupo-do-luverdense-esta-fechado\/","chapeu":"NINGU\u00c9M CHEGA!","data":"10\/06\/2015","imagem":"https:\/\/images.futebolinterior.com.br\/2021\/04\/0002050086664_img-300x156.jpg","resumo":"Muralha e Bruninho, ambos do Flamengo, ainda n\u00e3o foram regularizados"},"641752":{"titulo":"S\u00e9rie B: Dirigente n\u00e3o descarta chegada de refor\u00e7os no Am\u00e9rica-MG","link":"https:\/\/www.futebolinterior.com.br\/serie-b-dirigente-nao-descarta-chegada-de-reforcos-no-america-mg\/","chapeu":"QUEM CHEGA?","data":"10\/06\/2015","imagem":"https:\/\/images.futebolinterior.com.br\/2021\/04\/0002050086650_img-300x210.jpg","resumo":"Osvaldo Torres fez mist\u00e9rio e n\u00e3o revelou os poss\u00edveis nomes que est\u00e3o sendo analisados"},"641767":{"titulo":"S\u00e9rie B: ABC pode encostar no Paysandu na retrospectiva hist\u00f3rica","link":"https:\/\/www.futebolinterior.com.br\/serie-b-abc-pode-encostar-no-paysandu-na-retrospectiva-historica\/","chapeu":"VAI QUE VAI!","data":"10\/06\/2015","imagem":"https:\/\/images.futebolinterior.com.br\/2021\/04\/0002050086640_img-300x188.jpg","resumo":"Foram sete vit\u00f3rias do Pap\u00e3o da Curuzu contra cinco do Elefante da Frasqueira em 16 jogos"},"641771":{"titulo":"S\u00e9rie B: Alem\u00e3o volta ao Bragantino, mas Sandro Silva aguarda libera\u00e7\u00e3o","link":"https:\/\/www.futebolinterior.com.br\/serie-b-alemao-volta-ao-bragantino-mas-sandro-silva-aguarda-liberacao\/","chapeu":"QUEM JOGA?","data":"10\/06\/2015","imagem":"https:\/\/images.futebolinterior.com.br\/2021\/04\/0002050086637_img-300x141.jpg","resumo":"O t\u00e9cnico Osmar Loss come\u00e7ar a preparar a equipe para o confronto frente ao Maca\u00e9"},"641777":{"titulo":"S\u00e9rie B: Apresentado, t\u00e9cnico do CRB fala em apelo emocional diante do Am\u00e9rica-MG","link":"https:\/\/www.futebolinterior.com.br\/serie-b-apresentado-tecnico-do-crb-fala-em-apelo-emocional-diante-do-america-mg\/","chapeu":"FALA PROFESSOR!","data":"10\/06\/2015","imagem":"https:\/\/images.futebolinterior.com.br\/2021\/04\/0002050086636_img-300x203.jpg","resumo":"Mazola J\u00fanior n\u00e3o ter\u00e1 muito tempo de trabalho antes de sua estreia e quer levantar moral dos jogadores para conquistar primeira vit\u00f3ria"},"641779":{"titulo":"S\u00e9rie B: Bahia tenta \"roubar\" atacante Kayke do ABC","link":"https:\/\/www.futebolinterior.com.br\/serie-b-bahia-tenta-roubar-atacante-kayke-do-abc\/","chapeu":"VIRA CASACA?","data":"10\/06\/2015","imagem":"https:\/\/images.futebolinterior.com.br\/2021\/04\/0002050086630_img-300x194.jpg","resumo":"O jogador \u00e9 o artilheiro da competi\u00e7\u00e3o com cinco gols, ao lado de Robert do Sampaio Corr\u00eaa"}}