{"640443":{"titulo":"S\u00e9rie B: Paran\u00e1 contrata Luciano Cast\u00e1n e est\u00e1 de olho em Nathan, destaque do Juventus","link":"https:\/\/www.futebolinterior.com.br\/serie-b-parana-contrata-luciano-castan-e-esta-de-olho-em-nathan-destaque-do-juventus\/","chapeu":"SE REFOR\u00c7ANDO","data":"16\/06\/2015","imagem":"https:\/\/images.futebolinterior.com.br\/2021\/04\/0002050088027_img-300x210.jpg","resumo":" O Paran\u00e1 acertou com mais um zagueiro para a disputa do Campeonato Brasileiro da S\u00e9rie B. Trata-se de Luciano Cast\u00e1n, que j\u00e1 defendeu o clube em 2011."},"640454":{"titulo":"S\u00e9rie B: ABC tenta a contrata\u00e7\u00e3o de Wallyson, ex-atacante de S\u00e3o Paulo e Cruzeiro","link":"https:\/\/www.futebolinterior.com.br\/serie-b-abc-tenta-a-contratacao-de-wallyson-ex-atacante-de-sao-paulo-e-cruzeiro\/","chapeu":"VOLTANDO?","data":"16\/06\/2015","imagem":"https:\/\/images.futebolinterior.com.br\/2021\/04\/0002050088018_img-300x188.jpg","resumo":"Ex-atacante de Cruzeiro e S\u00e3o Paulo, Wallyson foi destaque do ABC durante as temporadas de 2007 e 2008"},"640483":{"titulo":"S\u00e9rie B: Sem patrocinador m\u00e1ster, Santa Cruz mais uma vez n\u00e3o paga sal\u00e1rios atrasados","link":"https:\/\/www.futebolinterior.com.br\/serie-b-sem-patrocinador-master-santa-cruz-mais-uma-vez-nao-paga-salarios-atrasados\/","chapeu":"CALOTEIRO","data":"16\/06\/2015","imagem":"https:\/\/images.futebolinterior.com.br\/2021\/04\/0002050088001_img-300x200.jpg","resumo":"Os jogadores do Santa Cruz ter\u00e3o que continuar esperando para verem a cor do dinheiro referente aos sal\u00e1rios atrasados de abril e maio"},"640546":{"titulo":"S\u00e9rie B: Em boa fase na temporada, William Ar\u00e3o quer renovar contrato com o Botafogo","link":"https:\/\/www.futebolinterior.com.br\/serie-b-em-boa-fase-na-temporada-william-arao-quer-renovar-contrato-com-o-botafogo\/","chapeu":"PRO PAPEL?","data":"15\/06\/2015","imagem":"https:\/\/images.futebolinterior.com.br\/2021\/04\/0002050087930_img-300x146.jpg","resumo":"O jogador tem v\u00ednculo com o Fog\u00e3o at\u00e9 dezembro deste ano"},"640544":{"titulo":"Camarote RF teve cr\u00edticas \u00e0 CBF e a Tite, presen\u00e7a de Pintado e homenagem a Zito","link":"https:\/\/www.futebolinterior.com.br\/camarote-rf-teve-criticas-a-cbf-e-a-tite-presenca-de-pintado-e-homenagem-a-zito\/","chapeu":"SHOW NA TELA!","data":"15\/06\/2015","imagem":"https:\/\/images.futebolinterior.com.br\/2021\/04\/0002050087924_img-290x300.jpg","resumo":"Zito, Tite, CBF e Pintado s\u00e3o destaques no Camarote da Rede Fam\u00edlia"},"640598":{"titulo":"Luverdense x Crici\u00fama - Como ser\u00e1 a estreia de Petkovic no Tigre?","link":"https:\/\/www.futebolinterior.com.br\/luverdense-x-criciuma-como-sera-a-estreia-de-petkovic-no-tigre\/","chapeu":"QUEM LEVA?","data":"15\/06\/2015","imagem":"https:\/\/images.futebolinterior.com.br\/2021\/04\/0002050087875_img-300x169.jpg","resumo":"O treinador est\u00e1 realizando o seu primeiro trabalho em uma equipe profissional e precisar\u00b4dar resultados imediatos para fazer sucesso"},"640617":{"titulo":"N\u00e1utico x Paysandu \u2013 Duelo dentro do G4 da S\u00e9rie B","link":"https:\/\/www.futebolinterior.com.br\/nautico-x-paysandu-duelo-dentro-do-g4-da-serie-b\/","chapeu":"QUE JOG\u00c3O!","data":"15\/06\/2015","imagem":"https:\/\/images.futebolinterior.com.br\/2021\/04\/0002050087861_img-300x169.jpg","resumo":"Com o Campeonato Brasileiro da S\u00e9rie B ainda em seu in\u00edcio, alguns times j\u00e1 despontaram e mostraram que brigar\u00e3o pelo acesso"},"640621":{"titulo":"S\u00c9RIE B: Confronto dentro do G4 e estreia de Petkovic abrem a oitava rodada","link":"https:\/\/www.futebolinterior.com.br\/serie-b-confronto-dentro-do-g4-e-estreia-de-petkovic-abrem-a-oitava-rodada\/","chapeu":"VEM COM TUDO","data":"15\/06\/2015","imagem":"https:\/\/images.futebolinterior.com.br\/2021\/04\/0002050087839_img-300x194.jpg","resumo":"Depois de perder a invencibilidade no Campeonato Brasileiro da S\u00e9rie B com uma derrota por 1 a 0 para o Bahia"},"640585":{"titulo":"S\u00e9rie B: Volante Amaral pede apoio da torcida para Vit\u00f3ria brigar pelo acesso","link":"https:\/\/www.futebolinterior.com.br\/serie-b-volante-amaral-pede-apoio-da-torcida-para-vitoria-brigar-pelo-acesso\/","chapeu":"TUDO JUNTO!","data":"15\/06\/2015","imagem":"https:\/\/images.futebolinterior.com.br\/2021\/04\/0002050087884_img-300x300.jpg","resumo":"O jogador afirmou que o Le\u00e3o deixou de lado a campnha p\u00edfia no Campeonato Baiano"},"640591":{"titulo":"S\u00e9rie B: No primeiro treino de Marcelo Martelotte, Santa confirma retorno de Iran\u00edlson, ex-Parnahyba\/PI","link":"https:\/\/www.futebolinterior.com.br\/serie-b-no-primeiro-treino-de-marcelo-martelotte-santa-confirma-retorno-de-iranilson-ex-parnahyba-pi\/","chapeu":"APARECEU!","data":"15\/06\/2015","imagem":"https:\/\/images.futebolinterior.com.br\/2021\/04\/0002050087882_img-300x225.jpg","resumo":"O jogador estava emprestado e volta \u00e0 pedido do treinador, que volta ao Coral ap\u00f3s abandon\u00e1-lo no passado para assumir o rival Sport"}}