{"640384":{"titulo":"S\u00e9rie B: Ricardo Berna deixa o Maca\u00e9 e acerta com o Fortaleza","link":"https:\/\/www.futebolinterior.com.br\/serie-b-ricardo-berna-deixa-o-macae-e-acerta-com-o-fortaleza\/","chapeu":"MUDAN\u00c7A DE ARES","data":"16\/06\/2015","imagem":"https:\/\/images.futebolinterior.com.br\/2021\/04\/0002050088076_img-300x205.jpg","resumo":" Principal contrata\u00e7\u00e3o do Maca\u00e9 na temporada, o goleiro Ricardo Berna n\u00e3o seguir\u00e1 no elenco para a sequ\u00eancia do Campeonato Brasileiro da S\u00e9rie B."},"640337":{"titulo":"S\u00e9rie B: Pretendido pelo Corinthians, Kieza fica a detalhes de renova\u00e7\u00e3o com o Bahia","link":"https:\/\/www.futebolinterior.com.br\/serie-b-pretendido-pelo-corinthians-kieza-fica-a-detalhes-de-renovacao-com-o-bahia\/","chapeu":"K9 VAI FICAR","data":"16\/06\/2015","imagem":"https:\/\/images.futebolinterior.com.br\/2021\/04\/0002050088107_img-300x169.jpg","resumo":" Principal artilheiro do Bahia no ano, com 15 gols, o atacante Kieza est\u00e1 muito pr\u00f3ximo de renovar com o clube. Com contrato de empr\u00e9stimo at\u00e9 o dia 15 de julho"},"640354":{"titulo":"S\u00e9rie B: Moacir J\u00fanior chega e j\u00e1 muda o clima do Boa Esporte","link":"https:\/\/www.futebolinterior.com.br\/serie-b-moacir-junior-chega-e-ja-muda-o-clima-do-boa-esporte\/","chapeu":"BORA TRABALHAR!","data":"16\/06\/2015","imagem":"https:\/\/images.futebolinterior.com.br\/2021\/04\/0002050088100_img-225x300.jpg","resumo":"Contratado na \u00faltima segunda-feira como novo treinador do Boa Esporte, Moacir J\u00fanior iniciou o seu trabalho com os jogadores nesta ter\u00e7a-feira"},"640356":{"titulo":"S\u00e9rie B: CRB planeja pacot\u00e3o e anuncia Josa, campe\u00e3o paulista pelo Ituano","link":"https:\/\/www.futebolinterior.com.br\/serie-b-crb-planeja-pacotao-e-anuncia-josa-campeao-paulista-pelo-ituano\/","chapeu":"NOVIDADE...","data":"16\/06\/2015","imagem":"https:\/\/images.futebolinterior.com.br\/2021\/04\/0002050088099_img-300x225.jpg","resumo":"Time alagoano deve confirmar a chegada de mais oito refor\u00e7os para sequ\u00eancia da temporada"},"640360":{"titulo":"S\u00e9rie B: Bragantino intensifica treinamentos para confronto paulista","link":"https:\/\/www.futebolinterior.com.br\/serie-b-bragantino-intensifica-treinamentos-para-confronto-paulista\/","chapeu":"FOR\u00c7A","data":"16\/06\/2015","imagem":"https:\/\/images.futebolinterior.com.br\/2021\/04\/0002050088097_img-300x141.jpg","resumo":"Os jogadores do Bragantino voltaram aos trabalhos nesta tarde de segunda-feira, no CT do Nabiz\u00e3o, e iniciaram os treinamentos visando a prepara\u00e7\u00e3o da equipe para o jogo de s\u00e1bado"},"640366":{"titulo":"Coritiba oficializa contrata\u00e7\u00e3o L\u00facio Fl\u00e1vio, ex-Paran\u00e1, para Brasileir\u00e3o","link":"https:\/\/www.futebolinterior.com.br\/coritiba-oficializa-contratacao-lucio-flavio-ex-parana-para-brasileirao\/","chapeu":"CONFIRMADO!","data":"16\/06\/2015","imagem":"https:\/\/images.futebolinterior.com.br\/2021\/04\/0002050088090_img-300x179.jpg","resumo":"Finalizado o processo burocr\u00e1tico de transfer\u00eancia, o meia L\u00facio Fl\u00e1vio, que j\u00e1 trabalhava h\u00e1 mais de uma semana com o restante do elenco do Coritiba."},"640372":{"titulo":"S\u00e9rie B: Cear\u00e1 firma parceria para voltar a atuar na Arena Castel\u00e3o","link":"https:\/\/www.futebolinterior.com.br\/serie-b-ceara-firma-parceria-para-voltar-a-atuar-na-arena-castelao\/","chapeu":"PADR\u00c3O FIFA","data":"16\/06\/2015","imagem":"https:\/\/images.futebolinterior.com.br\/2021\/04\/0002050088087_img-300x157.jpg","resumo":"O torcedor do Cear\u00e1 pode ganhar um presente nas pr\u00f3ximas rodadas do Campeonato Brasileiro da S\u00e9rie B."},"640386":{"titulo":"Conhecedor da S\u00e9rie B, Guilherme Mac\u00faglia quer nova chance","link":"https:\/\/www.futebolinterior.com.br\/conhecedor-da-serie-b-guilherme-macuglia-quer-nova-chance\/","chapeu":"OLHO NELE!","data":"16\/06\/2015","imagem":"https:\/\/images.futebolinterior.com.br\/2021\/04\/0002050088072_img-200x300.jpg","resumo":"Comandante espera ter uma nova chance em alguma das divis\u00f5es do Brasileir\u00e3o"},"640377":{"titulo":"S\u00e9rie B: ABC foca em rea\u00e7\u00e3o e projeta bom resultado fora de casa","link":"https:\/\/www.futebolinterior.com.br\/serie-b-abc-foca-em-reacao-e-projeta-bom-resultado-fora-de-casa\/","chapeu":"PRA CIMA DELES","data":"16\/06\/2015","imagem":"https:\/\/images.futebolinterior.com.br\/2021\/04\/0002050088081_img-300x194.jpg","resumo":" A disputa acirrada pela parte de cima da tabela do Campeonato Brasileiro da S\u00e9rie B promove a cada rodada jogos chamados de \u201cseis pontos\u201d"},"640421":{"titulo":"S\u00e9rie B: Sampaio Corr\u00eaa lan\u00e7ar\u00e1 novo programa de s\u00f3cio-torcedor","link":"https:\/\/www.futebolinterior.com.br\/serie-b-sampaio-correa-lancara-novo-programa-de-socio-torcedor\/","chapeu":"INOVA\u00c7\u00c3O","data":"16\/06\/2015","imagem":"https:\/\/images.futebolinterior.com.br\/2021\/04\/0002050088044_img-300x182.jpg","resumo":"O momento que todos aguardavam est\u00e1 chegando. Ap\u00f3s um grande trabalho de reformula\u00e7\u00e3o, o Sampaio Corr\u00eaa vai lan\u00e7ar esta semana o seu novo Programa S\u00f3cio Torcedor Tricolor."}}