{"640593":{"titulo":"L\u00e9o Cond\u00e9 deixa retranca de lado e faz do Sampaio Corr\u00eaa o segundo melhor ataque da S\u00e9rie B","link":"https:\/\/www.futebolinterior.com.br\/leo-conde-deixa-retranca-de-lado-e-faz-do-sampaio-correa-o-segundo-melhor-ataque-da-serie-b\/","chapeu":"CONFIRA!","data":"15\/06\/2015","imagem":"https:\/\/images.futebolinterior.com.br\/2021\/04\/0002050087881_img-283x300.jpg","resumo":"A Bol\u00edvia Querida marcou 13 gols em sete jogos, mesmo n\u00famero do Botafogo e um a menos do que o Maca\u00e9"},"640631":{"titulo":"S\u00e9rie B: Presidente garante Silas Pereira no Cear\u00e1 e torcedor aprova","link":"https:\/\/www.futebolinterior.com.br\/serie-b-presidente-garante-silas-pereira-no-ceara-e-torcedor-aprova\/","chapeu":"ELE FICA","data":"15\/06\/2015","imagem":"https:\/\/images.futebolinterior.com.br\/2021\/04\/0002050087829_img-300x200.jpg","resumo":"A derrota para o Bahia no \u00faltimo s\u00e1bado, a terceira consecutiva no Campeonato Brasileiro da S\u00e9rie B"},"640644":{"titulo":"Wellington Saci deixa o Joinville e se despede do clube em carta para o torcedor","link":"https:\/\/www.futebolinterior.com.br\/wellington-saci-deixa-o-joinville-e-se-despede-do-clube-em-carta-para-o-torcedor\/","chapeu":"BYE, BYE!","data":"15\/06\/2015","imagem":"https:\/\/images.futebolinterior.com.br\/2021\/04\/0002050087827_img-300x200.jpg","resumo":"Lateral-esquerdo agradeceu pelo tempo que passou no JEC"},"640649":{"titulo":"Jorginho v\u00ea evolu\u00e7\u00e3o, mas quer mais do Atl\u00e9tico-GO","link":"https:\/\/www.futebolinterior.com.br\/jorginho-ve-evolucao-mas-quer-mais-do-atletico-go\/","chapeu":"MAIS!","data":"15\/06\/2015","imagem":"https:\/\/images.futebolinterior.com.br\/2021\/04\/0002050087823_img-300x300.jpg","resumo":"Desafio da oitava rodada ser\u00e1 contra o Am\u00e9rica-MG, fora de casa, no s\u00e1bado, \u00e0s 16h30"},"640654":{"titulo":"S\u00e9rie B: Fracasso, Chic\u00e3o rescinde com o Bahia","link":"https:\/\/www.futebolinterior.com.br\/serie-b-fracasso-chicao-rescinde-com-o-bahia\/","chapeu":"COMUM ACORDO","data":"15\/06\/2015","imagem":"https:\/\/images.futebolinterior.com.br\/2021\/04\/0002050087819_img-300x174.jpg","resumo":"Anunciado no in\u00edcio da temporada como um dos maiores refor\u00e7os, o zagueiro Chic\u00e3o n\u00e3o foi nem pr\u00f3ximo do que se esperava ele com a camisa do Bahia."},"640668":{"titulo":"S\u00e9rie B: Demiss\u00e3o de Ricardinho surte efeito e Guilherme Biteco desiste de deixar o Santa Cruz","link":"https:\/\/www.futebolinterior.com.br\/serie-b-demissao-de-ricardinho-surte-efeito-e-guilherme-biteco-desiste-de-deixar-o-santa-cruz\/","chapeu":"VAI VENDO","data":"15\/06\/2015","imagem":"https:\/\/images.futebolinterior.com.br\/2021\/04\/0002050087815_img-300x225.jpg","resumo":" Tido j\u00e1 como um ex-jogador do Santa Cruz, o meia Guilherme Biteco foi reintegrado na manh\u00e3 desta segunda-feira. "},"640672":{"titulo":"Paes est\u00e1 livre no mercado para sequ\u00eancia da temporada","link":"https:\/\/www.futebolinterior.com.br\/paes-esta-livre-no-mercado-para-sequencia-da-temporada\/","chapeu":"LIVRE!","data":"15\/06\/2015","imagem":"https:\/\/images.futebolinterior.com.br\/2021\/04\/0002050087811_img-300x300.jpg","resumo":"Al\u00e9m de Oeste, Paes defendeu as equipes do Brasiliense-DF, Ava\u00ed-SC, Beira Mar-POR, e Cianorte-PR"},"640681":{"titulo":"S\u00e9rie B: Dado Cavalcanti convoca dupla para substituir suspensos no Paysandu","link":"https:\/\/www.futebolinterior.com.br\/serie-b-dado-cavalcanti-convoca-dupla-para-substituir-suspensos-no-paysandu\/","chapeu":"ME AJUDEM!","data":"15\/06\/2015","imagem":"https:\/\/images.futebolinterior.com.br\/2021\/04\/0002050087805_img-300x188.jpg","resumo":" Depois de entrar no G4 do Campeonato Brasileiro da S\u00e9rie B com a vit\u00f3ria por 2 a 0 sobre o ABC, em Natal, o Paysandu "},"640685":{"titulo":"S\u00e9rie B: Givanildo Oliveira indica que Rubens ser\u00e1 o substituto de Cristiano no Am\u00e9rica-MG","link":"https:\/\/www.futebolinterior.com.br\/serie-b-givanildo-oliveira-indica-que-rubens-sera-o-substituto-de-cristiano-no-america-mg\/","chapeu":"QUEM JOGA?","data":"15\/06\/2015","imagem":"https:\/\/images.futebolinterior.com.br\/2021\/04\/0002050087798_img-300x169.jpg","resumo":"O t\u00e9cnico Givanildo Oliveira evitou fazer avalia\u00e7\u00f5es individuais de dos jogadores do Am\u00e9rica-MG publicamente."},"640692":{"titulo":"Ap\u00f3s acesso no Mineiro, Luiz Carlos Barbieri analisa propostas","link":"https:\/\/www.futebolinterior.com.br\/apos-acesso-no-mineiro-luiz-carlos-barbieri-analisa-propostas\/","chapeu":"RENOME!","data":"15\/06\/2015","imagem":"https:\/\/images.futebolinterior.com.br\/2021\/04\/0002050087796_img-185x300.jpg","resumo":"Barbieri j\u00e1 comandou times de express\u00e3o como Guarani, Paran\u00e1 Clube, Portuguesa, Fortaleza-CE e Crici\u00fama-SC, entre outros"}}