{"638726":{"titulo":"S\u00e9rie B: Burocracia tira Ronaldo do Atl\u00e9tico-GO e W\u00e9verton pode chegar","link":"https:\/\/www.futebolinterior.com.br\/serie-b-burocracia-tira-ronaldo-do-atletico-go-e-weverton-pode-chegar\/","chapeu":"NEG\u00d3CIOS","data":"23\/06\/2015","imagem":"https:\/\/images.futebolinterior.com.br\/2021\/04\/0002050089741_img-300x169.jpg","resumo":"Anunciado como refor\u00e7o do Atl\u00e9tico-GO assim que o Ituano fosse eliminado na Copa do Brasil, o atacante Ronaldo n\u00e3o defender\u00e1 mais o Drag\u00e3o"},"638741":{"titulo":"S\u00e9rie B: Botafogo contrata Rafael Oliveira, segundo maior artilheiro do Brasil","link":"https:\/\/www.futebolinterior.com.br\/serie-b-botafogo-contrata-rafael-oliveira-segundo-maior-artilheiro-do-brasil\/","chapeu":"ESSE SABE FAZER GOL","data":"23\/06\/2015","imagem":"https:\/\/images.futebolinterior.com.br\/2021\/04\/0002050089728_img-300x200.jpg","resumo":"Alvo do Botafogo antes do in\u00edcio do Campeonato Brasileiro da S\u00e9rie B, o atacante Rafael Oliveira, destaque do Botafogo-PB"},"638753":{"titulo":"S\u00e9rie B: Sampaio Corr\u00eaa contrata Felipe Costa, o \u201cJames Rodriguez do Maranh\u00e3o\u201d","link":"https:\/\/www.futebolinterior.com.br\/serie-b-sampaio-correa-contrata-felipe-costa-o-james-rodriguez-do-maranhao\/","chapeu":"BAITA REFOR\u00c7O","data":"23\/06\/2015","imagem":"https:\/\/images.futebolinterior.com.br\/2021\/04\/0002050089715_img-300x225.jpg","resumo":"Sampaio Corr\u00eaa\r\nJames"},"638764":{"titulo":"Viviane Ara\u00fajo, modelo e atriz da Globo, ser\u00e1 presen\u00e7a ilustre em jogo do Boa Esporte","link":"https:\/\/www.futebolinterior.com.br\/viviane-araujo-modelo-e-atriz-da-globo-sera-presenca-ilustre-em-jogo-do-boa-esporte\/","chapeu":"BELA NA GALERA","data":"23\/06\/2015","imagem":"https:\/\/images.futebolinterior.com.br\/2021\/04\/0002050089713_img-300x300.jpg","resumo":" O Boa Esporte busca neste s\u00e1bado, diante do Bragantino sua primeira vit\u00f3ria frente a seu torcedor no est\u00e1dio do Mel\u00e3o, em Varginha. "},"638788":{"titulo":"S\u00e9rie B: Chegada de refor\u00e7os obriga CRB a dispensar quatro jogadores: Kenedy, L\u00e9o Silva, Hyago e Jo\u00e3o Henrique","link":"https:\/\/www.futebolinterior.com.br\/serie-b-chegada-de-reforcos-obriga-crb-a-dispensar-quatro-jogadores-kenedy-leo-silva-hyago-e-joao-henrique\/","chapeu":"CORTE DE GASTOS","data":"23\/06\/2015","imagem":"https:\/\/images.futebolinterior.com.br\/2021\/04\/0002050089685_img-300x196.jpg","resumo":" A chegada de Mazola J\u00fanior ao CRB gerou uma verdadeira revolu\u00e7\u00e3o no elenco. Junto com o treinador"},"638868":{"titulo":"Santos sai do buraco em cima do Corinthians e S\u00e3o Paulo perde a lideran\u00e7a do Brasileir\u00e3o","link":"https:\/\/www.futebolinterior.com.br\/santos-sai-do-buraco-em-cima-do-corinthians-e-sao-paulo-perde-a-lideranca-do-brasileirao\/","chapeu":"OPINI\u00c3O","data":"22\/06\/2015","imagem":"https:\/\/images.futebolinterior.com.br\/2021\/04\/0002050089615_img-300x188.jpg","resumo":"O Corinthians chegou a ter boas chances de gol mas n\u00e3o soube aproveita-las. Com a derrota, o Tim\u00e3o caiu fora do G4 e foi ultrapassado por outros concorrentes."},"638845":{"titulo":"S\u00e9rie B: Pentacampe\u00e3o com a Sele\u00e7\u00e3o, Rivaldo refor\u00e7a Mogi Mirim","link":"https:\/\/www.futebolinterior.com.br\/serie-b-pentacampeao-com-a-selecao-rivaldo-reforca-mogi-mirim\/","chapeu":"A PIPA DO VOV\u00d4...","data":"22\/06\/2015","imagem":"https:\/\/images.futebolinterior.com.br\/2021\/04\/0002050089627_img-300x136.jpg","resumo":"O jogador n\u00e3o garantiu quantas partidas vai jogar, mas afirmou que estar\u00e1 com o elenco para passar mais tranquilidade na briga contra o rebaixamento"},"638849":{"titulo":"Com a presen\u00e7a de t\u00e9cnico campe\u00e3o da A3, Camarote tem criticas \u00e0 sele\u00e7\u00e3o brasileira e an\u00e1lise da rodada","link":"https:\/\/www.futebolinterior.com.br\/com-a-presenca-de-tecnico-campeao-da-a3-camarote-tem-criticas-a-selecao-brasileira-e-analise-da-rodada\/","chapeu":"IMPERD\u00cdVEL!","data":"22\/06\/2015","imagem":"https:\/\/images.futebolinterior.com.br\/2021\/04\/0002050089622_img-300x225.jpg","resumo":"O convidado especial do programa desta segunda-feira foi o t\u00e9cnico Ito Roque, campe\u00e3o da S\u00e9rie A3 com Taubat\u00e9"},"638919":{"titulo":"Crici\u00fama x Am\u00e9rica-MG \u2013 O G4 veio e agora \u00e9 se manter, Coelho!","link":"https:\/\/www.futebolinterior.com.br\/criciuma-x-america-mg-o-g4-veio-e-agora-e-se-manter-coelho\/","chapeu":"SEGUINDO EM FRENTE","data":"22\/06\/2015","imagem":"https:\/\/images.futebolinterior.com.br\/2021\/04\/0002050089583_img-300x221.jpg","resumo":"Crici\u00fama x Am\u00e9rica-MG \u2013 O G4 veio e agora \u00e9 se manter, Coelho!"},"638857":{"titulo":"S\u00e9rie B: Maca\u00e9 coloca 15 mil ingressos \u00e0 venda para \"cl\u00e1ssico\" contra Botafogo","link":"https:\/\/www.futebolinterior.com.br\/serie-b-macae-coloca-15-mil-ingressos-a-venda-para-classico-contra-botafogo\/","chapeu":"VAI LOTAR!","data":"22\/06\/2015","imagem":"https:\/\/images.futebolinterior.com.br\/2021\/04\/0002050089619_img-300x183.jpg","resumo":"Os pre\u00e7os dos ingressos variam de R$ 15 (meia) e R$ 30 (inteira)"}}