{"638586":{"titulo":"S\u00e9rie C: Fortaleza acerta com Maca\u00e9 e Ricardo Berna ser\u00e1 apresentado oficialmente","link":"https:\/\/www.futebolinterior.com.br\/serie-c-fortaleza-acerta-com-macae-e-ricardo-berna-sera-apresentado-oficialmente\/","chapeu":"AGORA SIM!","data":"23\/06\/2015","imagem":"https:\/\/images.futebolinterior.com.br\/2021\/04\/0002050089826_img-300x200.jpg","resumo":"O clube do Rio de Janeiro n\u00e3o tinha a inten\u00e7\u00e3o de liberar o jogador, mas acabou chegando em um acordo com a diretoria do Tricolor"},"638651":{"titulo":"S\u00e9rie B: Crici\u00fama encara Am\u00e9rica-MG com retrospecto negativo","link":"https:\/\/www.futebolinterior.com.br\/serie-b-criciuma-encara-america-mg-com-retrospecto-negativo\/","chapeu":"VAI MUDAR?","data":"23\/06\/2015","imagem":"https:\/\/images.futebolinterior.com.br\/2021\/04\/0002050089791_img-300x177.jpg","resumo":"Crici\u00fama encara o Am\u00e9rica-MG nesta ter\u00e7a-feira, \u00e0s 19h30, no est\u00e1dio Heriberto H\u00fclse, o Majestoso, em Crici\u00fama, pela nona rodada do Campeonato Brasileiro da S\u00e9rie B."},"638655":{"titulo":"S\u00e9rie B: Paysandu e Vit\u00f3ria voltam a se enfrentar depois de mais de dez anos","link":"https:\/\/www.futebolinterior.com.br\/serie-b-paysandu-e-vitoria-voltam-a-se-enfrentar-depois-de-mais-de-dez-anos\/","chapeu":"FAZ TEMPO!","data":"23\/06\/2015","imagem":"https:\/\/images.futebolinterior.com.br\/2021\/04\/0002050089789_img-300x170.jpg","resumo":"Esta ser\u00e1 a partida oficial de numero 14 na hist\u00f3ria entre Paysandu e Vit\u00f3ria"},"638671":{"titulo":"S\u00e9rie B: N\u00e1utico pode ter for\u00e7a m\u00e1xima para enfrentar o ABC","link":"https:\/\/www.futebolinterior.com.br\/serie-b-nautico-pode-ter-forca-maxima-para-enfrentar-o-abc\/","chapeu":"BOA NOT\u00cdCIA","data":"23\/06\/2015","imagem":"https:\/\/images.futebolinterior.com.br\/2021\/04\/0002050089784_img-300x219.jpg","resumo":"Depois de uma arrancada espetacular no in\u00edcio do Campeonato Brasileiro da S\u00e9rie B, o N\u00e1utico n\u00e3o sabe o que \u00e9 vencer h\u00e1 duas derrotas."},"638681":{"titulo":"S\u00e9rie B: Santa Cruz contrata Moradei, ex-volante do Corinthians e Bruno Moraes, ex-atacante da Portuguesa","link":"https:\/\/www.futebolinterior.com.br\/serie-b-santa-cruz-contrata-moradei-ex-volante-do-corinthians-e-bruno-moraes-ex-atacante-da-portuguesa\/","chapeu":"DE BACIADA","data":"23\/06\/2015","imagem":"https:\/\/images.futebolinterior.com.br\/2021\/04\/0002050089773_img-300x200.jpg","resumo":"A diretoria do Santa Cruz anunciou, nesta ter\u00e7a-feira, a contrata\u00e7\u00e3o de mais dois jogadores para o elenco profissional. "},"638690":{"titulo":"S\u00e9rie B: Luverdense aproveita grande folga sem jogos para aprimorar jogadas","link":"https:\/\/www.futebolinterior.com.br\/serie-b-luverdense-aproveita-grande-folga-sem-jogos-para-aprimorar-jogadas\/","chapeu":"MOMENTO RARO","data":"23\/06\/2015","imagem":"https:\/\/images.futebolinterior.com.br\/2021\/04\/0002050089767_img-300x224.jpg","resumo":"Com um intervalo de dez dias entre a \u00faltima partida contra o Crici\u00fama e a pr\u00f3xima, contra o Bahia,neste s\u00e1bado, a comiss\u00e3o t\u00e9cnica do Luverdense utilizou o \u00faltimo final de semana"},"638692":{"titulo":"S\u00e9rie B: \u201cEsquecidos\u201d por Ricardinho, Wellignton J\u00fanior e Waldison comemoram chances com novo treinador do Santa Cruz","link":"https:\/\/www.futebolinterior.com.br\/serie-b-esquecidos-por-ricardinho-wellignton-junior-e-waldison-comemoram-chances-com-novo-treinador-do-santa-cruz\/","chapeu":"AGORA SIM","data":"23\/06\/2015","imagem":"https:\/\/images.futebolinterior.com.br\/2021\/04\/0002050089766_img-300x159.jpg","resumo":"A chegada de Marcelo Martelotte ao Santa Cruz foi muito comemorada por alguns jogadores do elenco."},"638713":{"titulo":"Ademir Fonseca aguarda novas propostas para a temporada","link":"https:\/\/www.futebolinterior.com.br\/ademir-fonseca-aguarda-novas-propostas-para-a-temporada\/","chapeu":"PR\u00d3XIMO DESAFIO!","data":"23\/06\/2015","imagem":"https:\/\/images.futebolinterior.com.br\/2021\/04\/0002050089755_img-300x157.jpg","resumo":"De olho no mercado, Ademir Fonseca mostra confian\u00e7a em rela\u00e7\u00e3o ao futuro"},"638719":{"titulo":"S\u00e9rie B: Osmar Loss pede p\u00e9s no ch\u00e3o para o Bragantino continuar evoluindo","link":"https:\/\/www.futebolinterior.com.br\/serie-b-osmar-loss-pede-pes-no-chao-para-o-bragantino-continuar-evoluindo\/","chapeu":"COM CALMA","data":"23\/06\/2015","imagem":"https:\/\/images.futebolinterior.com.br\/2021\/04\/0002050089749_img-300x220.jpg","resumo":" Com tr\u00eas vit\u00f3rias consecutivas no Campeonato Brasileiro da S\u00e9rie B, o Bragantino deixou de ser um forte concorrente ao rebaixamento e chamar a aten\u00e7\u00e3o dos advers\u00e1rios."},"638716":{"titulo":"A\u00edlton Silva pede aten\u00e7\u00e3o, mas acredita em boa resultado do Mogi Mirim","link":"https:\/\/www.futebolinterior.com.br\/ailton-silva-pede-atencao-mas-acredita-em-boa-resultado-do-mogi-mirim\/","chapeu":"SEMANA DECISIVA!","data":"23\/06\/2015","imagem":"https:\/\/images.futebolinterior.com.br\/2021\/04\/0002050089750_img-300x156.jpg","resumo":"Sap\u00e3o se prepara para encarar o CRB no pr\u00f3ximo s\u00e1bado, \u00e0s 16 horas, no Est\u00e1dio Romildo Vitor Gomes Ferreira"}}