{"638876":{"titulo":"Paysandu x Vit\u00f3ria - Le\u00e3o busca a vice-lideran\u00e7a e Pap\u00e3o uma vaga no G4","link":"https:\/\/www.futebolinterior.com.br\/paysandu-x-vitoria-leao-busca-a-vice-lideranca-e-papao-uma-vaga-no-g4\/","chapeu":"QUE BRIGA!","data":"22\/06\/2015","imagem":"https:\/\/images.futebolinterior.com.br\/2021\/04\/0002050089608_img-300x201.jpg","resumo":"Ambos os clubes est\u00e3o em ascens\u00e3o e a partida pode valer um lugar entre os quatro primeiros colocados"},"638878":{"titulo":"S\u00e9rie B: Carleto volta aos treinos, mas Botafogo pode perder Sass\u00e1","link":"https:\/\/www.futebolinterior.com.br\/serie-b-carleto-volta-aos-treinos-mas-botafogo-pode-perder-sassa\/","chapeu":"VAI E SAI!","data":"22\/06\/2015","imagem":"https:\/\/images.futebolinterior.com.br\/2021\/04\/0002050089613_img-300x169.jpg","resumo":"O atacante sentiu dores, deixou a atividade mais cedo e preocupa para a pr\u00f3xima rodada"},"638935":{"titulo":"S\u00c9RIE B: Paysandu e Vit\u00f3ria fazem duelo direto pelo G4 e Am\u00e9rica-MG busca vice-lideran\u00e7a","link":"https:\/\/www.futebolinterior.com.br\/serie-b-paysandu-e-vitoria-fazem-duelo-direto-pelo-g4-e-america-mg-busca-vice-lideranca\/","chapeu":"RODADA COME\u00c7A QUENTE","data":"22\/06\/2015","imagem":"https:\/\/images.futebolinterior.com.br\/2021\/04\/0002050089575_img-300x201.jpg","resumo":"O Campeonato Brasileiro da S\u00e9rie B ter\u00e1 a sua nona rodada aberta j\u00e1 nesta ter\u00e7a-feira com duas partidas, sendo uma delas de confronto direto por um lugar na zona de classifica\u00e7\u00e3o"},"638930":{"titulo":"TJDF-CE pune Cear\u00e1 e Fortaleza pela barb\u00e1rie na final do Cearense","link":"https:\/\/www.futebolinterior.com.br\/tjdf-ce-pune-ceara-e-fortaleza-pela-barbarie-na-final-do-cearense\/","chapeu":"PUNIDOS!","data":"22\/06\/2015","imagem":"https:\/\/images.futebolinterior.com.br\/2021\/04\/0002050089578_img-300x169.jpg","resumo":"A Arena Castel\u00e3o, por sua vez, local da partida, foi suspensa por 90 dias"},"638940":{"titulo":"S\u00e9rie B: ABC acerta bases salariais e coloca prazo para acerto com Wallyson, ex-atacante do S\u00e3o Paulo","link":"https:\/\/www.futebolinterior.com.br\/serie-b-abc-acerta-bases-salariais-e-coloca-prazo-para-acerto-com-wallyson-ex-atacante-do-sao-paulo\/","chapeu":"CHEGA DE ESPERAR!","data":"22\/06\/2015","imagem":"https:\/\/images.futebolinterior.com.br\/2021\/04\/0002050089572_img-300x187.jpg","resumo":"O ABC est\u00e1 come\u00e7ando a perder a paci\u00eancia na contrata\u00e7\u00e3o do atacante Wallyson. \u00cddolo do clube, ele recebeu propostas para retornar ap\u00f3s perder espa\u00e7o no Coritiba"},"638952":{"titulo":"S\u00e9rie B: Sampaio Corr\u00eaa volta aos treinos e L\u00e9o Cond\u00e9 ganha refor\u00e7os","link":"https:\/\/www.futebolinterior.com.br\/serie-b-sampaio-correa-volta-aos-treinos-e-leo-conde-ganha-reforcos\/","chapeu":"BELA AJUDA","data":"22\/06\/2015","imagem":"https:\/\/images.futebolinterior.com.br\/2021\/04\/0002050089566_img-300x225.jpg","resumo":"Ap\u00f3s o fim de semana de folga, o grupo do Sampaio Corr\u00eaa vai retomar os trabalhos na tarde desta segunda-feira"},"638964":{"titulo":"S\u00e9rie B: Crici\u00fama foca em finaliza\u00e7\u00e3o para surpreender Am\u00e9rica-MG","link":"https:\/\/www.futebolinterior.com.br\/serie-b-criciuma-foca-em-finalizacao-para-surpreender-america-mg\/","chapeu":"QUERO GOL!","data":"22\/06\/2015","imagem":"https:\/\/images.futebolinterior.com.br\/2021\/04\/0002050089554_img-300x200.jpg","resumo":"Crici\u00fama"},"638976":{"titulo":"S\u00e9rie B: Oeste contrata atacante Rafael Martins, destaque do \u00c1gua Santa na S\u00e9rie A2","link":"https:\/\/www.futebolinterior.com.br\/serie-b-oeste-contrata-atacante-rafael-martins-destaque-do-agua-santa-na-serie-a2\/","chapeu":"NOVO MATADOR","data":"22\/06\/2015","imagem":"https:\/\/images.futebolinterior.com.br\/2021\/04\/0002050089548_img-300x202.jpg","resumo":" O atacante Rafael Martins, que disputou o Campeonato Paulista da S\u00e9rie A2 pelo \u00c1gua Santa, \u00e9 o mais novo refor\u00e7o do Oeste para o Campeonato Brasileiro da S\u00e9rie B"},"638980":{"titulo":"S\u00e9rie B: Paysandu enfrenta Vit\u00f3ria com for\u00e7a m\u00e1xima e dois retornos","link":"https:\/\/www.futebolinterior.com.br\/serie-b-paysandu-enfrenta-vitoria-com-forca-maxima-e-dois-retornos\/","chapeu":"PRA CIMA DELES","data":"22\/06\/2015","imagem":"https:\/\/images.futebolinterior.com.br\/2021\/04\/0002050089545_img-300x188.jpg","resumo":"Vivendo um grande momento no Campeonato Brasileiro da S\u00e9rie B, o Paysandu volta a atuar diante de seu torcedor, no est\u00e1dio Mangueir\u00e3o, em Bel\u00e9m"},"638996":{"titulo":"S\u00e9rie B: Meia titular, Felipe Amorim volta a ser relacionado no Am\u00e9rica-MG","link":"https:\/\/www.futebolinterior.com.br\/serie-b-meia-titular-felipe-amorim-volta-a-ser-relacionado-no-america-mg\/","chapeu":"VOLTANDO","data":"22\/06\/2015","imagem":"https:\/\/images.futebolinterior.com.br\/2021\/04\/0002050089538_img-300x170.jpg","resumo":" Os jogadores do Am\u00e9rica-MG voltaram aos treinos neste domingo ainda comemorando a vit\u00f3ria sobre o Atl\u00e9tico-GO"}}