{"620771":{"titulo":"S\u00e9rie B: Luverdense conta com tr\u00eas retornos para receber o ABC","link":"https:\/\/www.futebolinterior.com.br\/serie-b-luverdense-conta-com-tres-retornos-para-receber-o-abc\/","chapeu":"NOVIDADES","data":"31\/08\/2015","imagem":"https:\/\/images.futebolinterior.com.br\/2021\/04\/0002050110116_img-225x300.jpg","resumo":" A vit\u00f3ria por 2 a 1 sobre o Am\u00e9rica-MG, fora de casa, na \u00faltima sexta-feira, foi de suma import\u00e2ncia para os objetivos do Luverdense no Campeonato Brasileiro da S\u00e9rie B"},"620773":{"titulo":"S\u00e9rie B: Julio Cesar sente a coxa e desfalca Cear\u00e1 contra Paysandu","link":"https:\/\/www.futebolinterior.com.br\/serie-b-julio-cesar-sente-a-coxa-e-desfalca-ceara-contra-paysandu\/","chapeu":"EST\u00c1 FORA!","data":"31\/08\/2015","imagem":"https:\/\/images.futebolinterior.com.br\/2021\/04\/0002050110115_img-300x177.jpg","resumo":"A grande novidade do Voz\u00e3o ficou por conta de Bernardo, que deve voltar ao time titular"},"620769":{"titulo":"S\u00e9rie C: Fortaleza sonda Pipico, do Maca\u00e9, e se aproxima de Adriano Martins, ex-Vasco","link":"https:\/\/www.futebolinterior.com.br\/serie-c-fortaleza-sonda-pipico-do-macae-e-se-aproxima-de-adriano-martins-ex-vasco\/","chapeu":"\u00c9 NECESS\u00c1RIO","data":"31\/08\/2015","imagem":"https:\/\/images.futebolinterior.com.br\/2021\/04\/0002050110117_img-300x189.jpg","resumo":"O Tricolor tem conversas bem adiantadas com Adriano Martins, ex-Vasco e que estava no Al Jaish-QAT, mas o nome de Pipico, do Maca\u00e9, tamb\u00e9m vem sendo analisado"},"620784":{"titulo":"Artilheiro do Mogi Mirim na S\u00e9rie B, Rivaldinho acerta com o Boavista, de Portugal","link":"https:\/\/www.futebolinterior.com.br\/artilheiro-do-mogi-mirim-na-serie-b-rivaldinho-acerta-com-o-boavista-de-portugal\/","chapeu":"J\u00c1 FOI!","data":"31\/08\/2015","imagem":"https:\/\/images.futebolinterior.com.br\/2021\/04\/0002050110111_img-200x300.jpg","resumo":"O jogador atuar\u00e1 dentro das quatro linhas com a camisa 99. Pelo Mogi na S\u00e9rie B, Rivaldinho usava a camisa 9"},"620806":{"titulo":"Ponte Preta age r\u00e1pido e contrata F\u00e1bio Ferreira, ex-zagueiro do Corinthians, para substituir Pablo","link":"https:\/\/www.futebolinterior.com.br\/ponte-preta-age-rapido-e-contrata-fabio-ferreira-ex-zagueiro-do-corinthians-para-substituir-pablo\/","chapeu":"NOVO XERIF\u00c3O","data":"31\/08\/2015","imagem":"https:\/\/images.futebolinterior.com.br\/2021\/04\/0002050110098_img-300x200.jpg","resumo":"A diretoria da Ponte Preta agiu r\u00e1pido para contratar um substituto para Pablo, vendido ao Bordeaux, da Fran\u00e7a, na \u00faltima sexta-feira."},"620813":{"titulo":"S\u00e9rie B: Al\u00e9m de Luiz\u00e3o, ABC perde tamb\u00e9m Bismarck por les\u00e3o","link":"https:\/\/www.futebolinterior.com.br\/serie-b-alem-de-luizao-abc-perde-tambem-bismarck-por-lesao\/","chapeu":"OLHA O PROBLEMA","data":"31\/08\/2015","imagem":"https:\/\/images.futebolinterior.com.br\/2021\/04\/0002050110094_img-300x300.jpg","resumo":"A novidade foi a presen\u00e7a do volante Jackson, rec\u00e9m-contratado"},"620822":{"titulo":"S\u00e9rie B: Empolgado com resultado positivo, CRB fica desfalcado para enfrentar o Bahia","link":"https:\/\/www.futebolinterior.com.br\/serie-b-empolgado-com-resultado-positivo-crb-fica-desfalcado-para-enfrentar-o-bahia\/","chapeu":"BOM E RUIM","data":"31\/08\/2015","imagem":"https:\/\/images.futebolinterior.com.br\/2021\/04\/0002050110090_img-300x225.jpg","resumo":"A euforia do elenco do CRB com a vit\u00f3ria sobre o Botafogo, por 2 a 1, na \u00faltima sexta-feira, foi percept\u00edvel no treinamento desta segunda-feira. "},"620838":{"titulo":"S\u00e9rie B: Zagueiro Ram\u00f3n renova, mas fica fora de jogo do Vit\u00f3ria","link":"https:\/\/www.futebolinterior.com.br\/serie-b-zagueiro-ramon-renova-mas-fica-fora-de-jogo-do-vitoria\/","chapeu":"ELE FICA","data":"31\/08\/2015","imagem":"https:\/\/images.futebolinterior.com.br\/2021\/04\/0002050110083_img-300x173.jpg","resumo":" O perigo do Vit\u00f3ria perder Ram\u00f3n para a sequ\u00eancia do Campeonato Brasileiro da S\u00e9rie B n\u00e3o existe mais"},"620843":{"titulo":"S\u00e9rie B: Oeste tem retorno de Mazinho, o \"Messi Black\" contra o Maca\u00e9","link":"https:\/\/www.futebolinterior.com.br\/serie-b-oeste-tem-retorno-de-mazinho-o-messi-black-contra-o-macae\/","chapeu":"BOA NOT\u00cdCIA","data":"31\/08\/2015","imagem":"https:\/\/images.futebolinterior.com.br\/2021\/04\/0002050110079_img-273x300.jpg","resumo":" Em jogo v\u00e1lido pela 22\u00aa rodada do Campeonato Brasileiro da S\u00e9rie B, o Oeste enfrenta o Maca\u00e9, nesta ter\u00e7a-feira, \u00e0s 21h30, no est\u00e1dio Prefeito Jos\u00e9 Liberatti"},"620861":{"titulo":"S\u00e9rie B: Santa Cruz contrata lateral Allan Vieira, do Londrina","link":"https:\/\/www.futebolinterior.com.br\/serie-b-santa-cruz-contrata-lateral-allan-vieira-do-londrina\/","chapeu":"REFOR\u00c7O","data":"31\/08\/2015","imagem":"https:\/\/images.futebolinterior.com.br\/2021\/04\/0002050110063_img-300x188.jpg","resumo":"O jogador n\u00e3o vinha tendo clima para permanecer no Londrina"}}