{"620666":{"titulo":"Com Estevam Soares, \"Camarote RF\" critica arbitragem e discute jogos do fim de semana","link":"https:\/\/www.futebolinterior.com.br\/com-estevam-soares-camarote-rf-critica-arbitragem-e-discute-jogos-do-fim-de-semana\/","chapeu":"ARBITRAGEM VERGONHOSA!","data":"31\/08\/2015","imagem":"https:\/\/images.futebolinterior.com.br\/2021\/04\/0002050110182_img-300x225.jpg","resumo":"O gol da Portuguesa diante do Tupi muito mal anulado pela arbitragem neste domingo trouxe \u00e0 tona a p\u00e9ssima fase que vive os apitadores brasileiros"},"620678":{"titulo":"Dagoberto rejeita deixar o Vasco para jogar no Vit\u00f3ria","link":"https:\/\/www.futebolinterior.com.br\/dagoberto-rejeita-deixar-o-vasco-para-jogar-no-vitoria\/","chapeu":"N\u00c3O VAI!","data":"31\/08\/2015","imagem":"https:\/\/images.futebolinterior.com.br\/2021\/04\/0002050110179_img-300x200.jpg","resumo":"O jogador n\u00e3o vem sendo aproveitado pelo t\u00e9cnico Jorginho, que j\u00e1 o teria liberado para acertar com outra equipe"},"620689":{"titulo":"Del Nero \u00e9 cobrado por vice da CBF por faltar a compromissos no exterior","link":"https:\/\/www.futebolinterior.com.br\/del-nero-e-cobrado-por-vice-da-cbf-por-faltar-a-compromissos-no-exterior\/","chapeu":"GUERRA DECLARADA?","data":"31\/08\/2015","imagem":"https:\/\/images.futebolinterior.com.br\/2021\/04\/0002050110176_img-300x281.jpg","resumo":"Del Nero \u00e9 cobrado por vice da CBF Delfim de Padua Peixoto Filho por faltar a compromissos no exterior."},"620715":{"titulo":"S\u00c9RIE B: De novo pressionado, Vit\u00f3ria tenta manter a lideran\u00e7a em rodada cheia","link":"https:\/\/www.futebolinterior.com.br\/serie-b-de-novo-pressionado-vitoria-tenta-manter-a-lideranca-em-rodada-cheia\/","chapeu":"RODAD CHEIA","data":"31\/08\/2015","imagem":"https:\/\/images.futebolinterior.com.br\/2021\/04\/0002050110157_img-300x199.jpg","resumo":" O Campeonato Brasileiro da S\u00e9rie B volta at\u00e9 uma rodada cheia, com todo os dez jogos acontecendo no mesmo dia, nesta ter\u00e7a-feira."},"620691":{"titulo":"S\u00e9rie B: Ex-Palmeiras, Wendel aparece no time titular do Boa contra o Paran\u00e1","link":"https:\/\/www.futebolinterior.com.br\/serie-b-ex-palmeiras-wendel-aparece-no-time-titular-do-boa-contra-o-parana\/","chapeu":"TUDO PONTO!","data":"31\/08\/2015","imagem":"https:\/\/images.futebolinterior.com.br\/2021\/04\/0002050110172_img-300x200.jpg","resumo":"O Tricolor tenta a vit\u00f3ria desesperadamente para deixar a zona de rebaixamento"},"620702":{"titulo":"S\u00e9rie B: Mogi Mirim tem novidade no ataque contra o Sampaio","link":"https:\/\/www.futebolinterior.com.br\/serie-b-mogi-mirim-tem-novidade-no-ataque-contra-o-sampaio\/","chapeu":"REFOR\u00c7ADO!","data":"31\/08\/2015","imagem":"https:\/\/images.futebolinterior.com.br\/2021\/04\/0002050110163_img-300x209.jpg","resumo":"Geovane e Serginho voltam ao setor ofensivo do Sap\u00e3o para o duelo"},"620706":{"titulo":"S\u00e9rie B: Bragantino contrata Bruno Formigoni e pode perder Alan Mineiro","link":"https:\/\/www.futebolinterior.com.br\/serie-b-bragantino-contrata-bruno-formigoni-e-pode-perder-alan-mineiro\/","chapeu":"MUDAN\u00c7AS NO ELENCO","data":"31\/08\/2015","imagem":"https:\/\/images.futebolinterior.com.br\/2021\/04\/0002050110162_img-300x141.jpg","resumo":"A diretoria do Bragantino apresentou mais um refor\u00e7o para o Campeonato Brasileiro da S\u00e9rie B nesta manh\u00e3 de segunda-feira. "},"620738":{"titulo":"S\u00e9rie B: Na corda bamba, S\u00e9rgio Soares precisa de vit\u00f3ria do Bahia contra o CRB","link":"https:\/\/www.futebolinterior.com.br\/serie-b-na-corda-bamba-sergio-soares-precisa-de-vitoria-do-bahia-contra-o-crb\/","chapeu":"MUITA PRESS\u00c3O","data":"31\/08\/2015","imagem":"https:\/\/images.futebolinterior.com.br\/2021\/04\/0002050110138_img-300x200.jpg","resumo":" Antes apontado como uma das pe\u00e7as-chaves para o sucesso do Bahia na temporada, o t\u00e9cnico S\u00e9rgio Soares n\u00e3o enfrentou uma press\u00e3o t\u00e3o grande como a que convive neste momento no Bah"},"620744":{"titulo":"S\u00e9rie B: Em m\u00e1 fase, Crici\u00fama ainda tem d\u00favidas para enfrentar N\u00e1utico","link":"https:\/\/www.futebolinterior.com.br\/serie-b-em-ma-fase-criciuma-ainda-tem-duvidas-para-enfrentar-nautico\/","chapeu":"FORTE","data":"31\/08\/2015","imagem":"https:\/\/images.futebolinterior.com.br\/2021\/04\/0002050110137_img-300x201.jpg","resumo":"A tr\u00eas jogos sem vencer, o Crici\u00fama volta a campo nesta ter\u00e7a-feira, \u00e0s 19 horas, pela 22\u00aa rodada do Campeonato Brasileiro da S\u00e9rie B"},"620753":{"titulo":"S\u00e9rie B: Paysandu perde atacante Leandro Bras\u00edlia para partida contra Cear\u00e1","link":"https:\/\/www.futebolinterior.com.br\/serie-b-paysandu-perde-atacante-leandro-brasilia-para-partida-contra-ceara\/","chapeu":"DESFALQUE!","data":"31\/08\/2015","imagem":"https:\/\/images.futebolinterior.com.br\/2021\/04\/0002050110127_img-300x200.jpg","resumo":"O t\u00e9cnico Dado Cavalcanti fez mist\u00e9rio e n\u00e3o divulgou a equipe titular"}}