{"620883":{"titulo":"S\u00e9rie B: Pressionado, Josu\u00e9 Teixeira muda t\u00e1tica do Maca\u00e9","link":"https:\/\/www.futebolinterior.com.br\/serie-b-pressionado-josue-teixeira-muda-tatica-do-macae\/","chapeu":"TEM QUE GANHAR","data":"31\/08\/2015","imagem":"https:\/\/images.futebolinterior.com.br\/2021\/04\/0002050110043_img-219x300.jpg","resumo":"Quando assinou contrato para retornar ao Maca\u00e9, o t\u00e9cnico Josu\u00e9 Teixeira achou que seria muito bem recebido, j\u00e1 que tinha constru\u00eddo uma hist\u00f3ria no clube."},"620885":{"titulo":"S\u00e9rie B: Sampaio Corr\u00eaa ter\u00e1 apenas uma mudan\u00e7a no time titular","link":"https:\/\/www.futebolinterior.com.br\/serie-b-sampaio-correa-tera-apenas-uma-mudanca-no-time-titular\/","chapeu":"QUASE IGUAL","data":"31\/08\/2015","imagem":"https:\/\/images.futebolinterior.com.br\/2021\/04\/0002050110039_img-300x225.jpg","resumo":"Sampaio Corr\u00eaa ter\u00e1 apenas uma mudan\u00e7a no time titular"},"620889":{"titulo":"S\u00e9rie B: Sem muito tempo de trabalho, t\u00e9cnico do Santa Cruz adota mist\u00e9rio","link":"https:\/\/www.futebolinterior.com.br\/serie-b-sem-muito-tempo-de-trabalho-tecnico-do-santa-cruz-adota-misterio\/","chapeu":"MUITO PROBLEMA","data":"31\/08\/2015","imagem":"https:\/\/images.futebolinterior.com.br\/2021\/04\/0002050110037_img-300x169.jpg","resumo":" A derrota por 3 a 2 para o Paran\u00e1 n\u00e3o estava nos planos do Santa Cruz para a sequ\u00eancia do Campeonato Brasileiro da S\u00e9rie B. "},"620896":{"titulo":"S\u00e9rie B: Am\u00e9rica-MG muda de postura e escala\u00e7\u00e3o para voltar a vencer","link":"https:\/\/www.futebolinterior.com.br\/serie-b-america-mg-muda-de-postura-e-escalacao-para-voltar-a-vencer\/","chapeu":"\u00c9 O JEITO...","data":"31\/08\/2015","imagem":"https:\/\/images.futebolinterior.com.br\/2021\/04\/0002050110034_img-300x219.jpg","resumo":" Depois de perder em casa para o Luverdense na \u00faltima sexta-feira, o elenco do Am\u00e9rica-MG agora foca suas aten\u00e7\u00f5es no duelo da pr\u00f3xima ter\u00e7a"},"620900":{"titulo":"S\u00e9rie B: Eliv\u00e9lton volta a ser relacionado, mas fica no banco do N\u00e1utico","link":"https:\/\/www.futebolinterior.com.br\/serie-b-elivelton-volta-a-ser-relacionado-mas-fica-no-banco-do-nautico\/","chapeu":"BOA NOT\u00cdCIA","data":"31\/08\/2015","imagem":"https:\/\/images.futebolinterior.com.br\/2021\/04\/0002050110028_img-300x219.jpg","resumo":" Depois da vit\u00f3ria por 1 a 0 contra o Boa Esporte, os jogadores do N\u00e1utico j\u00e1 trabalharam na manh\u00e3 deste domingo, no Centro de Treinamento Wilson Campos"},"620904":{"titulo":"S\u00e9rie B: T\u00e9cnico no Paran\u00e1, Fernando Diniz faz mist\u00e9rio sobre goleiro","link":"https:\/\/www.futebolinterior.com.br\/serie-b-tecnico-no-parana-fernando-diniz-faz-misterio-sobre-goleiro\/","chapeu":"QUEM JOGA?","data":"31\/08\/2015","imagem":"https:\/\/images.futebolinterior.com.br\/2021\/04\/0002050110027_img-300x187.jpg","resumo":" O Paran\u00e1 sofreu, mas conseguiu uma excelente vit\u00f3ria, por 3 a 2, sobre o Santa Cruz, no \u00faltimo final de semana, que fez com que o time respirasse no Campeonato Brasileiro da S\u00e9rie"},"620906":{"titulo":"S\u00e9rie B: Atl\u00e9tico-GO fica com ataque desfalcado para enfrentar o Botafogo","link":"https:\/\/www.futebolinterior.com.br\/serie-b-atletico-go-fica-com-ataque-desfalcado-para-enfrentar-o-botafogo\/","chapeu":"PROBLEMAS","data":"31\/08\/2015","imagem":"https:\/\/images.futebolinterior.com.br\/2021\/04\/0002050110026_img-300x185.jpg","resumo":"Sem tempo para treinamentos, o t\u00e9cnico Gilberto Pereira ter\u00e1 que quebrar a cabe\u00e7a para decidir o ataque do Atl\u00e9tico-GO que enfrenta o Botafogo"},"620946":{"titulo":"Sele\u00e7\u00e3o Futebol Interior da S\u00c9RIE B \u00e9 formada por guerreiros e herois da 21.\u00aa rodada","link":"https:\/\/www.futebolinterior.com.br\/selecao-futebol-interior-da-serie-b-e-formada-por-guerreiros-e-herois-da-21-a-rodada\/","chapeu":"S\u00c9RIE B \u00c9 GARRA","data":"30\/08\/2015","imagem":"https:\/\/images.futebolinterior.com.br\/2021\/04\/0002050109989_img.jpg","resumo":"Cada rodada \u00e9 uma avalanche de emo\u00e7\u00f5es, porque cada jogo vale vagas pelo G4 ou para sair do Z4 do Campeonato Brasileiro da S\u00e9rie B."},"621129":{"titulo":"S\u00c9RIE B: Paysandu \u00e9 o intruso no G4, Bahia cai para a s\u00e9tima posi\u00e7\u00e3o e Vit\u00f3ria ainda lidera","link":"https:\/\/www.futebolinterior.com.br\/serie-b-paysandu-e-o-intruso-no-g4-bahia-cai-para-a-setima-posicao-e-vitoria-ainda-lidera\/","chapeu":"INTRUSO NO G4","data":"29\/08\/2015","imagem":"https:\/\/images.futebolinterior.com.br\/2021\/04\/0002050109676_img-300x134.jpg","resumo":"O Bragantino perdeu para o Paysandu, por 2 a 0, em Bel\u00e9m, e deixou o time paraense na vice-lideran\u00e7a, enquanto o Mogi Mirim empatou por 1 a 1, em casa, com o Bahia"},"621136":{"titulo":"Mogi Mirim 1 x 1 Bahia - Empate n\u00e3o agrada nem vice-lanterna, nem o s\u00e9timo colocado","link":"https:\/\/www.futebolinterior.com.br\/mogi-mirim-1-x-1-bahia-empate-nao-agrada-nem-vice-lanterna-nem-o-setimo-colocado\/","chapeu":"RUIM PARA OS DOIS","data":"29\/08\/2015","imagem":0,"resumo":"Para o time paulista, sem vencer h\u00e1 sete jogos, o resultado valeu uma posi\u00e7\u00e3o, mas dentro da zona do rebaixamento. Com 18 pontos, deixou a lanterna para o Cear\u00e1, com 17."}}