{"619881":{"titulo":"S\u00e9rie B: \u00c0 espera de Ronaldo Mendes, ABC pode promover estreia de volante ex-Figueirense","link":"https:\/\/www.futebolinterior.com.br\/serie-b-a-espera-de-ronaldo-mendes-abc-pode-promover-estreia-de-volante-ex-figueirense\/","chapeu":"NA ESPERA...","data":"03\/09\/2015","imagem":"https:\/\/images.futebolinterior.com.br\/2021\/04\/0002050111052_img-300x200.jpg","resumo":"O t\u00e9cnico H\u00e9lio dos Anjos aguarda o resultado do julgamento de Ronaldo Mendes, que acontece neste noite, para saber se poder\u00e1 contar com o meia. Regularizado, Jackson pode estrear"},"619898":{"titulo":"Sem espa\u00e7o com Jorginho, Dagoberto deixa o Vasco e acerta com N\u00e1utico","link":"https:\/\/www.futebolinterior.com.br\/sem-espaco-com-jorginho-dagoberto-deixa-o-vasco-e-acerta-com-nautico\/","chapeu":"NOVA CASA!","data":"03\/09\/2015","imagem":"https:\/\/images.futebolinterior.com.br\/2021\/04\/0002050111030_img-300x200.jpg","resumo":"Dono do atacante, o Cruzeiro aceitou a proposta do N\u00e1utico e arcar\u00e1 com os sal\u00e1rios do atleta em troca de mais 15% do jovem Marcus Vin\u00edcius"},"619909":{"titulo":"S\u00e9rie B: \u00c0 l\u00e1 Osorio, J\u00fanior Rocha far\u00e1 rod\u00edzio no Luverdense","link":"https:\/\/www.futebolinterior.com.br\/serie-b-a-la-osorio-junior-rocha-fara-rodizio-no-luverdense\/","chapeu":"VIROU MODA","data":"03\/09\/2015","imagem":"https:\/\/images.futebolinterior.com.br\/2021\/04\/0002050111029_img.jpg","resumo":" A nova mania dos t\u00e9cnicos brasileiros \u00e9 fazer rod\u00edzio. Preocupados com o calend\u00e1rio lotado do futebol brasileiro"},"619923":{"titulo":"S\u00e9rie B: Com Lel\u00ea fora, Marcelo Martelotte n\u00e3o confirma escala\u00e7\u00e3o do Santa Cruz","link":"https:\/\/www.futebolinterior.com.br\/serie-b-com-lele-fora-marcelo-martelotte-nao-confirma-escalacao-do-santa-cruz\/","chapeu":"QUEM JOGA?","data":"03\/09\/2015","imagem":"https:\/\/images.futebolinterior.com.br\/2021\/04\/0002050111019_img-300x200.jpg","resumo":"A boa fase do Santa Cruz no Campeonato Brasileiro da S\u00e9rie B se atrelou, curiosamente ou n\u00e3o, ao bom rendimento do meia Lel\u00ea. "},"619931":{"titulo":"S\u00e9rie B: Cast\u00e1n volta e deve ser a \u00fanica mudan\u00e7a no time do Paran\u00e1 diante do Bahia","link":"https:\/\/www.futebolinterior.com.br\/serie-b-castan-volta-e-deve-ser-a-unica-mudanca-no-time-do-parana-diante-do-bahia\/","chapeu":"XERIFE DE VOLTA!","data":"03\/09\/2015","imagem":"https:\/\/images.futebolinterior.com.br\/2021\/04\/0002050111015_img-300x225.jpg","resumo":"Satisfeito com a \u00faltima vit\u00f3ria do Tricolor sobre o Boa Esporte, o t\u00e9cnico Fernando Diniz deve manter o mesmo time diante do Bahia, exce\u00e7\u00e3o feita ao zagueiro Cast\u00e1n"},"619942":{"titulo":"S\u00e9rie B: Bahia tenta a contrata\u00e7\u00e3o de Gustavo, do Atl\u00e9tico-PR","link":"https:\/\/www.futebolinterior.com.br\/serie-b-bahia-tenta-a-contratacao-de-gustavo-do-atletico-pr\/","chapeu":"QUASE CERTO","data":"03\/09\/2015","imagem":"https:\/\/images.futebolinterior.com.br\/2021\/04\/0002050111011_img-300x169.jpg","resumo":" Preocupado com o setor defensivo do Bahia no Campeonato Brasileiro da S\u00e9rie B, o t\u00e9cnico S\u00e9rgio Soares pediu uma nova contrata\u00e7\u00e3o de zagueiro"},"619954":{"titulo":"S\u00e9rie B: N\u00e1utico adota pensamento positivo contra o Sampaio Corr\u00eaa","link":"https:\/\/www.futebolinterior.com.br\/serie-b-nautico-adota-pensamento-positivo-contra-o-sampaio-correa\/","chapeu":"PARA GANHAR","data":"03\/09\/2015","imagem":"https:\/\/images.futebolinterior.com.br\/2021\/04\/0002050111006_img-300x225.jpg","resumo":" Mesmo vindo de uma derrota para o Crici\u00fama na \u00faltima rodada, o discurso dos jogadores do N\u00e1utico foi de pensamento positivo para o restante do Campeonato Brasileiro da S\u00e9rie B."},"619958":{"titulo":"S\u00e9rie B: Sampaio Corr\u00eaa muda duas pe\u00e7as para encarar o N\u00e1utico","link":"https:\/\/www.futebolinterior.com.br\/serie-b-sampaio-correa-muda-duas-pecas-para-encarar-o-nautico\/","chapeu":"MUDAN\u00c7AS","data":"03\/09\/2015","imagem":"https:\/\/images.futebolinterior.com.br\/2021\/04\/0002050111000_img-300x225.jpg","resumo":" De volta ao G4 do Campeonato Brasileiro da S\u00e9rie B ap\u00f3s vencer o Mogi Mirim por 3 a 1 na \u00faltima ter\u00e7a-feira, o Sampaio Corr\u00eaa j\u00e1 tem um novo desafio nesta sexta-feira, \u00e0s 19 horas"},"619966":{"titulo":"S\u00e9rie B: Cear\u00e1 volta a contar com J\u00falio C\u00e9sar diante do CRB","link":"https:\/\/www.futebolinterior.com.br\/serie-b-ceara-volta-a-contar-com-julio-cesar-diante-do-crb\/","chapeu":"AO MENOS ISSO","data":"03\/09\/2015","imagem":"https:\/\/images.futebolinterior.com.br\/2021\/04\/0002050110993_img-227x300.jpg","resumo":"\u200bNa manh\u00e3 desta quinta-feira, o Cear\u00e1 realizou o \u00faltimo treinamento na sede alvinegra e j\u00e1 finalizou todos os preparativos para encarar a equipe do CRB"},"619981":{"titulo":"S\u00e9rie B: Em fase final de recupera\u00e7\u00e3o, Danilo Bueno corre contra o tempo para defender o CRB","link":"https:\/\/www.futebolinterior.com.br\/serie-b-em-fase-final-de-recuperacao-danilo-bueno-corre-contra-o-tempo-para-defender-o-crb\/","chapeu":"AJUDA DIVINA","data":"03\/09\/2015","imagem":"https:\/\/images.futebolinterior.com.br\/2021\/04\/0002050110986_img-300x200.jpg","resumo":" Afastado dos gramados desde a partida do CRB contra o Sampaio Corr\u00eaa, quando deixou a equipe ainda na etapa inicial devido a uma les\u00e3o muscular"}}