{"619805":{"titulo":"ABC x Santa Cruz - Fim do jejum de vit\u00f3rias do Mais Querido?","link":"https:\/\/www.futebolinterior.com.br\/abc-x-santa-cruz-fim-do-jejum-de-vitorias-do-mais-querido\/","chapeu":"JEJUM INC\u00d4MODO!","data":"03\/09\/2015","imagem":"https:\/\/images.futebolinterior.com.br\/2021\/04\/0002050111175_img-300x200.jpg","resumo":"Mesmo que ven\u00e7a o Tricolor nesta sexta, na Arena das Dunas, o time potiguar n\u00e3o deixa a zona de rebaixamento. Santa Cruz mira se aproximar do G4"},"619809":{"titulo":"S\u00e9rie B: Am\u00e9rica-MG contrata meia Paulinho Silva e atacante Pablo, ex-Guarani","link":"https:\/\/www.futebolinterior.com.br\/serie-b-america-mg-contrata-meia-paulinho-silva-e-atacante-pablo-ex-guarani\/","chapeu":"NOVIDADES...","data":"03\/09\/2015","imagem":"https:\/\/images.futebolinterior.com.br\/2021\/04\/0002050111172_img-300x187.jpg","resumo":"Com a chegada da dupla, Coelho encerrou o ciclo de refor\u00e7os na segunda divis\u00e3o"},"619814":{"titulo":"S\u00e9rie C: Botafogo-PB pode perder meia Doda para time da S\u00e9rie B","link":"https:\/\/www.futebolinterior.com.br\/serie-c-botafogo-pb-pode-perder-meia-doda-para-time-da-serie-b\/","chapeu":"ADEUS?","data":"03\/09\/2015","imagem":"https:\/\/images.futebolinterior.com.br\/2021\/04\/0002050111164_img-300x158.jpg","resumo":"Presidente do clube confirmou a sondagem pelo meio-campista"},"619823":{"titulo":"CRB x Cear\u00e1 - Voz\u00e3o quer manter esperan\u00e7as vivas...","link":"https:\/\/www.futebolinterior.com.br\/crb-x-ceara-vozao-quer-manter-esperancas-vivas\/","chapeu":"DUELO QUENTE","data":"03\/09\/2015","imagem":"https:\/\/images.futebolinterior.com.br\/2021\/04\/0002050111110_img-300x200.jpg","resumo":"Time cearense \u00e9 o pen\u00faltimo colocado na S\u00e9rie B"},"619819":{"titulo":"Paran\u00e1 x Bahia - O sonho dos baianos \u00e9 a lideran\u00e7a contra os paranaenses...","link":"https:\/\/www.futebolinterior.com.br\/parana-x-bahia-o-sonho-dos-baianos-e-a-lideranca-contra-os-paranaenses\/","chapeu":"QUEM LEVA?","data":"03\/09\/2015","imagem":"https:\/\/images.futebolinterior.com.br\/2021\/04\/0002050111114_img-300x259.jpg","resumo":"J\u00e1 os donos da casa querem a vit\u00f3ria para distanciarem de vez da zona de rebaixamento"},"619838":{"titulo":"Mogi Mirim x Oeste \u2013 Duelo paulista do desespero","link":"https:\/\/www.futebolinterior.com.br\/mogi-mirim-x-oeste-duelo-paulista-do-desespero\/","chapeu":"APAGA O INC\u00caNDIO","data":"03\/09\/2015","imagem":"https:\/\/images.futebolinterior.com.br\/2021\/04\/0002050111081_img-221x300.jpg","resumo":"O Campeonato Brasileiro da S\u00e9rie B chega a sua 23\u00aa rodada neste s\u00e1bado e o Mogi Mirim segue agonizando na zona de rebaixamento."},"619846":{"titulo":"S\u00e9rie B: Com a volta de Pipico, Josu\u00e9 Teixeira esbo\u00e7a Maca\u00e9 ofensivo","link":"https:\/\/www.futebolinterior.com.br\/serie-b-com-a-volta-de-pipico-josue-teixeira-esboca-macae-ofensivo\/","chapeu":"TEM QUE MUDAR!","data":"03\/09\/2015","imagem":"https:\/\/images.futebolinterior.com.br\/2021\/04\/0002050111059_img-300x203.jpg","resumo":"Sem Thiago Cardoso, suspenso, e com a volta de Pipico, o t\u00e9cnico comandou o \u00faltimo treino com dois volantes"},"620176":{"titulo":"R\u00e1dio Futebol Interior transmite jogos dos times catarinenses no Brasileiro","link":"https:\/\/www.futebolinterior.com.br\/radio-futebol-interior-transmite-jogos-dos-times-catarinenses-no-brasileiro\/","chapeu":"IMPERD\u00cdVEL NA R\u00c1DIO FI!","data":"03\/09\/2015","imagem":"https:\/\/images.futebolinterior.com.br\/2021\/04\/0002050111066_img-300x226.jpg","resumo":"R\u00e1dio FI transmite jogos de times paulistas no Brasileiro nesta quarta-feira"},"619902":{"titulo":"N\u00e1utico x Sampaio Corr\u00eaa - Torcida \u00e9 a arma do Timbu","link":"https:\/\/www.futebolinterior.com.br\/nautico-x-sampaio-correa-torcida-e-a-arma-do-timbu\/","chapeu":"VAI SAIR FA\u00cdSCA","data":"03\/09\/2015","imagem":"https:\/\/images.futebolinterior.com.br\/2021\/04\/0002050111038_img-300x192.jpg","resumo":"Uma vit\u00f3ria coloca o Timbu na cara da zona de classifica\u00e7\u00e3o; Sampaio quer a lideran\u00e7a"},"619883":{"titulo":"S\u00c9RIE B: Rodada Come\u00e7a nesta sexta-feira com confrontos paulistas e nordestinos","link":"https:\/\/www.futebolinterior.com.br\/serie-b-rodada-comeca-nesta-sexta-feira-com-confrontos-paulistas-e-nordestinos\/","chapeu":"\u00d4XENTE, CARA!","data":"03\/09\/2015","imagem":"https:\/\/images.futebolinterior.com.br\/2021\/04\/0002050111050_img-300x200.jpg","resumo":" Enquanto a maioria das pessoas aguardam o final de semana que ser\u00e1 emendado com o feriado de 7 de setembro, o Campeonato Brasileiro da S\u00e9rie B "}}