{"620012":{"titulo":"Fifa revela discuss\u00e3o 'intensa' e 'produtiva' em 1\u00aa reuni\u00e3o do Comit\u00ea de Reformas","link":"https:\/\/www.futebolinterior.com.br\/fifa-revela-discussao-intensa-e-produtiva-em-1a-reuniao-do-comite-de-reformas\/","chapeu":"SAIU DO PAPEL","data":"03\/09\/2015","imagem":"https:\/\/images.futebolinterior.com.br\/2021\/04\/0002050110958_img-300x200.jpg","resumo":"O su\u00ed\u00e7o Fran\u00e7ois Carrard divulgou nesta quinta-feira um balan\u00e7o da primeira reuni\u00e3o do Comit\u00ea de Reformas da Fifa, grupo criado para propor mudan\u00e7as na entidade"},"620058":{"titulo":"Justi\u00e7a condena trio acusado de matar rival com \"privada\" em jogo da S\u00e9rie B","link":"https:\/\/www.futebolinterior.com.br\/justica-condena-trio-acusado-de-matar-rival-com-privada-em-jogo-da-serie-b\/","chapeu":"JUSTI\u00c7A!","data":"02\/09\/2015","imagem":"https:\/\/images.futebolinterior.com.br\/2021\/04\/0002050110832_img-300x150.jpg","resumo":"Os tr\u00eas torcedores do Santa Cruz pegaram mais de 20 anos de pris\u00e3o"},"620170":{"titulo":"S\u00e9rie B: Givanildo Oliveira, t\u00e9cnico do Am\u00e9rica-MG, esbraveja contra a arbitragem ap\u00f3s nova derrota","link":"https:\/\/www.futebolinterior.com.br\/serie-b-givanildo-oliveira-tecnico-do-america-mg-esbraveja-contra-a-arbitragem-apos-nova-derrota\/","chapeu":"PREJUDICADO","data":"02\/09\/2015","imagem":"https:\/\/images.futebolinterior.com.br\/2021\/04\/0002050110718_img-300x199.jpg","resumo":"A recorrente sequ\u00eancia de erros assusta o treinador"},"620182":{"titulo":"S\u00e9rie B: Botafogo contrata Ronaldo, artilheiro da Copa do Brasil pelo Ituano","link":"https:\/\/www.futebolinterior.com.br\/serie-b-botafogo-contrata-ronaldo-artilheiro-da-copa-do-brasil-pelo-ituano\/","chapeu":"NOVo HOMEM-GOL","data":"02\/09\/2015","imagem":"https:\/\/images.futebolinterior.com.br\/2021\/04\/0002050110706_img-300x180.jpg","resumo":" Os tr\u00eas gols marcados por Navarro contra o Atl\u00e9tico-GO, na goleada por 4 a 0, nesta ter\u00e7a-feira, n\u00e3o foram suficientes para que o Botafogo desistisse de procurar "},"620197":{"titulo":"S\u00e9rie B: Bragantino vence concorr\u00eancia da Lusa e contrata Cristian, do Ituano","link":"https:\/\/www.futebolinterior.com.br\/serie-b-bragantino-vence-concorrencia-da-lusa-e-contrata-cristian-do-ituano\/","chapeu":"\u00c9 DO BRAGA!","data":"02\/09\/2015","imagem":"https:\/\/images.futebolinterior.com.br\/2021\/04\/0002050110694_img-300x191.jpg","resumo":" A Portuguesa bem que tentou durante toda a semana convencer o Ituano a vender o meia Cristian, mas n\u00e3o conseguiu"},"620207":{"titulo":"S\u00e9rie B: Atacante Geovane rescinde e engrossa lista de abandonos no Mogi Mirim","link":"https:\/\/www.futebolinterior.com.br\/serie-b-atacante-geovane-rescinde-e-engrossa-lista-de-abandonos-no-mogi-mirim\/","chapeu":"MAIS UM","data":"02\/09\/2015","imagem":"https:\/\/images.futebolinterior.com.br\/2021\/04\/0002050110687_img-300x170.jpg","resumo":" Vice-artilheiro do Mogi Mirim no Campeonato Brasileiro da S\u00e9rie B com quatro gols anotados, o atacante Geovane rescindiu contrato com o Sap\u00e3o da Mogiana"},"620209":{"titulo":"S\u00e9rie B: Boa Esporte define valores e quantidade de ingressos para confronto com o Botafogo","link":"https:\/\/www.futebolinterior.com.br\/serie-b-boa-esporte-define-valores-e-quantidade-de-ingressos-para-confronto-com-o-botafogo\/","chapeu":"FECHADO","data":"02\/09\/2015","imagem":"https:\/\/images.futebolinterior.com.br\/2021\/04\/0002050110686_img-300x201.jpg","resumo":"Foi realizada na manh\u00e3 da \u00faltima ter\u00e7a-feira, no Sal\u00e3o de Eventos do Space Hotel, reuni\u00e3o entre a diretoria do Boa Esporte e autoridades respons\u00e1veis"},"620247":{"titulo":"S\u00e9rie B: Bragantino contrata Davi Cear\u00e1, ex-Londrina","link":"https:\/\/www.futebolinterior.com.br\/serie-b-bragantino-contrata-davi-ceara-ex-londrina\/","chapeu":"MAIS UM","data":"02\/09\/2015","imagem":"https:\/\/images.futebolinterior.com.br\/2021\/04\/0002050110653_img-300x141.jpg","resumo":" A diretoria do Bragantino apresentou mais um refor\u00e7o para a temporada 2015. O volante Davi Cear\u00e1, que jogou a S\u00e9rie C pelo Londrina"},"620266":{"titulo":"M\u00e9dica do Spartak Moscou, Viktoriya Gameeva deixa jogadores e marmanjos de queixo ca\u00eddo!","link":"https:\/\/www.futebolinterior.com.br\/medica-do-spartak-moscou-viktoriya-gameeva-deixa-jogadores-e-marmanjos-de-queixo-caido\/","chapeu":"PODE BABAR!","data":"02\/09\/2015","imagem":"https:\/\/images.futebolinterior.com.br\/2021\/04\/0002050110643_img-300x255.jpg","resumo":"Recentemente, o a m\u00e9dica Eva Carneiro, do Chelsea, chamou a aten\u00e7\u00e3o de todo o mundo n\u00e3o apenas por trabalhar em um ambiente machista como o futebol"},"620282":{"titulo":"Cirurgia do treinador Hemerson Maria \u00e9 bem sucedida em Florian\u00f3polis","link":"https:\/\/www.futebolinterior.com.br\/cirurgia-do-treinador-hemerson-maria-e-bem-sucedida-em-florianopolis\/","chapeu":"TUDO CERTO","data":"02\/09\/2015","imagem":"https:\/\/images.futebolinterior.com.br\/2021\/04\/0002050110625_img-300x216.jpg","resumo":"Nesta segunda-feira , em Florian\u00f3polis, o treinador passou por um procedimento cir\u00fargico nomeado de Artroplastia Total de Quadril"}}