{"619068":{"titulo":"S\u00e9rie B: Elenco do Paysandu viaja para Recife um dia ap\u00f3s goleada","link":"https:\/\/www.futebolinterior.com.br\/serie-b-elenco-do-paysandu-viaja-para-recife-um-dia-apos-goleada\/","chapeu":"SEM DESCANSO!","data":"07\/09\/2015","imagem":"https:\/\/images.futebolinterior.com.br\/2021\/04\/0002050112051_img-300x260.jpg","resumo":"Equipe iniciou as prepara\u00e7\u00f5es para a pr\u00f3xima partida, contra o Santa Cruz, que acontece na pr\u00f3xima ter\u00e7a-feira"},"619072":{"titulo":"S\u00e9rie B: Sem descanso, Am\u00e9rica-MG esquece m\u00e1 fase e volta aos treinos","link":"https:\/\/www.futebolinterior.com.br\/serie-b-sem-descanso-america-mg-esquece-ma-fase-e-volta-aos-treinos\/","chapeu":"FOCO","data":"07\/09\/2015","imagem":"https:\/\/images.futebolinterior.com.br\/2021\/04\/0002050112042_img-300x193.jpg","resumo":"O Am\u00e9rica-MG voltou aos treinos na manh\u00e3 do \u00faltimo domingo, no CT Lanna Drumond, para uma prepara\u00e7\u00e3o rel\u00e2mpago contra o Sampaio Corr\u00eaa, na 24\u00aa rodada"},"619084":{"titulo":"S\u00e9rie B: Sampaio Corr\u00eaa perde volante para confronto direto contra o Am\u00e9rica-MG","link":"https:\/\/www.futebolinterior.com.br\/serie-b-sampaio-correa-perde-volante-para-confronto-direto-contra-o-america-mg\/","chapeu":"MUDAR\u00c1","data":"07\/09\/2015","imagem":"https:\/\/images.futebolinterior.com.br\/2021\/04\/0002050112036_img-300x225.jpg","resumo":"O Sampaio \u00e9 o terceiro colocado da S\u00e9rie B, com 39 pontos ganhos"},"619114":{"titulo":"Pr\u00edncipe Ali mant\u00e9m mist\u00e9rio sobre candidatura \u00e0 Fifa e volta a atacar Platini","link":"https:\/\/www.futebolinterior.com.br\/principe-ali-mantem-misterio-sobre-candidatura-a-fifa-e-volta-a-atacar-platini\/","chapeu":"CHUMBO GROSSO","data":"07\/09\/2015","imagem":"https:\/\/images.futebolinterior.com.br\/2021\/04\/0002050112009_img-300x192.jpg","resumo":"O pr\u00edncipe Ali Bin Al-Hussein ainda est\u00e1 analisando a possibilidade de participar novamente da elei\u00e7\u00e3o presidencial da Fifa"},"619111":{"titulo":"Imperd\u00edvel! R\u00e1dio Futebol Interior define programa\u00e7\u00e3o de jogos da semana","link":"https:\/\/www.futebolinterior.com.br\/imperdivel-radio-futebol-interior-define-programacao-de-jogos-da-semana\/","chapeu":"HOJE TEM R\u00c1DIO FI!","data":"07\/09\/2015","imagem":"https:\/\/images.futebolinterior.com.br\/2021\/04\/0002050112010_img-252x300.jpg","resumo":"Imperd\u00edvel! R\u00e1dio Futebol Interior define programa\u00e7\u00e3o de jogos da semana"},"619135":{"titulo":"Em rodada mete\u00f3rica, a Sele\u00e7\u00e3o FI da S\u00e9rie B vem recheada de velocistas e de t\u00e9cnico que recolou seu time no G4","link":"https:\/\/www.futebolinterior.com.br\/em-rodada-meteorica-a-selecao-fi-da-serie-b-vem-recheada-de-velocistas-e-de-tecnico-que-recolou-seu-time-no-g4\/","chapeu":"AS FERAS DA S\u00c9RIE B!","data":"07\/09\/2015","imagem":"https:\/\/images.futebolinterior.com.br\/2021\/04\/0002050111995_img-230x300.jpg","resumo":"A 23\u00aa passou como um raio e mesmo assim o FUTEBOL INTERIOR consguiu selecionar os atletas respons\u00e1veis pela ascens\u00e3o de seus clubes na s\u00e9rie B mais equilibrada dos \u00faltimos tempos"},"619154":{"titulo":"Camarote RF recebe Vad\u00e3o, treinador que ganhou ouro no Pan-Americano","link":"https:\/\/www.futebolinterior.com.br\/camarote-rf-recebe-vadao-treinador-que-ganhou-ouro-no-pan-americano\/","chapeu":"FERA DEMAIS","data":"06\/09\/2015","imagem":"https:\/\/images.futebolinterior.com.br\/2021\/04\/0002050111970_img-300x168.jpg","resumo":"O feriado de sete de setembro ser\u00e1 de muita movimenta\u00e7\u00e3o no programa \u201cCamarote\u201d, da Rede Fam\u00edlia de Televis\u00e3o, com a presen\u00e7a do treinador da Sele\u00e7\u00e3o Feminina, Vad\u00e3o"},"619182":{"titulo":"S\u00c9RIE B : Oeste recebe CRB s\u00f3 pela vit\u00f3ria e Cear\u00e1 faz duelo nordestino com o N\u00e1utico","link":"https:\/\/www.futebolinterior.com.br\/serie-b-oeste-recebe-crb-so-pela-vitoria-e-ceara-faz-duelo-nordestino-com-o-nautico\/","chapeu":"DUELOS NO FERIAD\u00c3O","data":"06\/09\/2015","imagem":"https:\/\/images.futebolinterior.com.br\/2021\/04\/0002050111910_img-300x225.jpg","resumo":"Oito jogos fecham a rodada ter\u00e7a-feira, um deles \u00e0 tarde."},"619284":{"titulo":"Cear\u00e1 x N\u00e1utico - Sem descanso, Voz\u00e3o e Timbu fazem duelo dos inversos na S\u00e9rie B","link":"https:\/\/www.futebolinterior.com.br\/ceara-x-nautico-sem-descanso-vozao-e-timbu-fazem-duelo-dos-inversos-na-serie-b\/","chapeu":"NA SEGUNDA!","data":"06\/09\/2015","imagem":"https:\/\/images.futebolinterior.com.br\/2021\/04\/0002050111734_img-300x204.jpg","resumo":"O time da casa vem de vit\u00f3ria, mas ainda vive situa\u00e7\u00e3o delicada, na zona de rebaixamento da competi\u00e7\u00e3o"},"619286":{"titulo":"Oeste x CRB - Na porta do Z4, Rubr\u00e3o e Galo querem espantar a crise","link":"https:\/\/www.futebolinterior.com.br\/oeste-x-crb-na-porta-do-z4-rubrao-e-galo-querem-espantar-a-crise\/","chapeu":"PERIGOSO","data":"06\/09\/2015","imagem":"https:\/\/images.futebolinterior.com.br\/2021\/04\/0002050111733_img-300x170.jpg","resumo":"Os dois times est\u00e3o perigosa mente perto da zona do rebaixamento e se enfrentam nesta segunda-feira"}}