{"618995":{"titulo":"Santa Cruz x Paysandu - Jogo pode por fogo no topo da tabela","link":"https:\/\/www.futebolinterior.com.br\/santa-cruz-x-paysandu-jogo-pode-por-fogo-no-topo-da-tabela\/","chapeu":"BRIGA L\u00c1 EM CIMA","data":"07\/09\/2015","imagem":"https:\/\/images.futebolinterior.com.br\/2021\/04\/0002050112092_img-300x189.jpg","resumo":"Com problemas de contus\u00e3o, os dois times lutam para n\u00e3o perder G4 do foco; Pap\u00e3o pode assumir lideran\u00e7a"},"619003":{"titulo":"Oeste 0 x 0 CRB - Empate sem gols e zona de rebaixamento ainda pr\u00f3xima","link":"https:\/\/www.futebolinterior.com.br\/oeste-0-x-0-crb-empate-sem-gols-e-zona-de-rebaixamento-ainda-proxima\/","chapeu":"SEM GRA\u00c7A...","data":"07\/09\/2015","imagem":0,"resumo":"Galo apostou no sistema defensivo e acabou conquistando um ponto fora de casa"},"619017":{"titulo":"S\u00e9rei B: Santa Cruz realiza \u00faltimo treino antes de enfrentar o Paysandu","link":"https:\/\/www.futebolinterior.com.br\/serei-b-santa-cruz-realiza-ultimo-treino-antes-de-enfrentar-o-paysandu\/","chapeu":"MAIS UMA","data":"07\/09\/2015","imagem":"https:\/\/images.futebolinterior.com.br\/2021\/04\/0002050112079_img-300x200.jpg","resumo":"O elenco do Santa Cruz encerrou os preparativos para enfrentar o Paysandu nesta ter\u00e7a-feira, pela 24\u00aa rodada do Campeonato Brasileiro da S\u00e9rie B"},"619013":{"titulo":"S\u00e9rie B: Boa Esporte mudar\u00e1 meio time para confronto diante do Mogi Mirim","link":"https:\/\/www.futebolinterior.com.br\/serie-b-boa-esporte-mudara-meio-time-para-confronto-diante-do-mogi-mirim\/","chapeu":"S\u00d3 NOVIDADES!","data":"07\/09\/2015","imagem":"https:\/\/images.futebolinterior.com.br\/2021\/04\/0002050112081_img-300x200.jpg","resumo":"O \u00fanico desfalque ficou por conta do zagueiroo Raphael Silva, suspenso"},"619029":{"titulo":"S\u00e9rie B: Sem tempo pra comemorar vit\u00f3ria, Brangatino volta aos treinos","link":"https:\/\/www.futebolinterior.com.br\/serie-b-sem-tempo-pra-comemorar-vitoria-brangatino-volta-aos-treinos\/","chapeu":"MAS J\u00c1","data":"07\/09\/2015","imagem":"https:\/\/images.futebolinterior.com.br\/2021\/04\/0002050112077_img-300x178.jpg","resumo":"A vit\u00f3ria no final de semana deu um pouco mais de tranq\u00fcilidade para o t\u00e9cnico Wagner Lopes no Bragantino"},"619019":{"titulo":"S\u00e9rie B: ABC tem desfalques importantes contra o Bragantino","link":"https:\/\/www.futebolinterior.com.br\/serie-b-abc-tem-desfalques-importantes-contra-o-bragantino\/","chapeu":"E AGORA?","data":"07\/09\/2015","imagem":"https:\/\/images.futebolinterior.com.br\/2021\/04\/0002050112078_img-300x198.jpg","resumo":"Por outro lado, o meia Ronaldo Mendes volta ao time titular para ajudar encerrar s\u00e9rie de trope\u00e7os do Elefante"},"619031":{"titulo":"S\u00e9rie B: Ex-Palmeiras, Gabriel Leite pode fazer a estreia pelo Paran\u00e1 contra Botafogo","link":"https:\/\/www.futebolinterior.com.br\/serie-b-ex-palmeiras-gabriel-leite-pode-fazer-a-estreia-pelo-parana-contra-botafogo\/","chapeu":"CARA NOVA!","data":"07\/09\/2015","imagem":"https:\/\/images.futebolinterior.com.br\/2021\/04\/0002050112076_img-300x200.jpg","resumo":"O jogador briga com Carlinhos uma vaga na equipe titular no lugar de Henrique"},"619033":{"titulo":"S\u00e9rie B: Maca\u00e9 barra zagueiro Brinner para o confronto diante do Bahia","link":"https:\/\/www.futebolinterior.com.br\/serie-b-macae-barra-zagueiro-brinner-para-o-confronto-diante-do-bahia\/","chapeu":"QUEM JOGA?","data":"07\/09\/2015","imagem":"https:\/\/images.futebolinterior.com.br\/2021\/04\/0002050112075_img-300x200.jpg","resumo":"Josu\u00e9 Teixeira n\u00e3o levou o defensor e vai apostar em Ramon no time titular"},"619038":{"titulo":"Com dois p\u00e9s no Bahia, Gustavo rescinde com Atl\u00e9tico-PR","link":"https:\/\/www.futebolinterior.com.br\/com-dois-pes-no-bahia-gustavo-rescinde-com-atletico-pr\/","chapeu":"NOVA CASA?","data":"07\/09\/2015","imagem":"https:\/\/images.futebolinterior.com.br\/2021\/04\/0002050112072_img-300x169.jpg","resumo":"O jogador n\u00e3o revelou o novo destino, mas o mist\u00e9rio deve ser mantido at\u00e9 esta ter\u00e7a-feira"},"619060":{"titulo":"S\u00e9rie B: Luverdense ter\u00e1 dois desfalques para embate contra o Atl\u00e9tico-GO","link":"https:\/\/www.futebolinterior.com.br\/serie-b-luverdense-tera-dois-desfalques-para-embate-contra-o-atletico-go\/","chapeu":"BAIXAS","data":"07\/09\/2015","imagem":"https:\/\/images.futebolinterior.com.br\/2021\/04\/0002050112054_img.jpg","resumo":"ucas Fernandes, que est\u00e1 suspenso e J\u00falio Terceiro, que foi liberado para resolver problemas pessoais est\u00e3o de fora"}}