{"1514882":{"titulo":"Treinador do Cear\u00e1 mant\u00e9m p\u00e9s no ch\u00e3o sobre Libertadores, mas diretoria estipula premia\u00e7\u00e3o","link":"https:\/\/www.futebolinterior.com.br\/treinador-do-ceara-mantem-pes-no-chao-sobre-libertadores-mas-diretoria-estipula-premiacao\/","chapeu":"NA BRIGA","data":"26\/11\/2021","imagem":0,"resumo":""},"1514877":{"titulo":"Livre do rebaixamento, Santos acerta com novo patrocinador por R$ 55,7 milh\u00f5es","link":"https:\/\/www.futebolinterior.com.br\/livre-do-rebaixamento-santos-acerta-com-novo-patrocinador-por-r-557-milhoes\/","chapeu":"GRANA ALTA","data":"26\/11\/2021","imagem":"https:\/\/images.futebolinterior.com.br\/2021\/11\/santos-patrocinador-300x243.jpg","resumo":"Corretora de ativos digitais vai pagar 10 milh\u00f5es de d\u00f3lares ou R$ 55,7 milh\u00f5es por um contrato de tr\u00eas anos"},"1514876":{"titulo":"Ainda sem anunciar oficialmente, Sport renova com t\u00e9cnico paraguaio at\u00e9 o final de 2022","link":"https:\/\/www.futebolinterior.com.br\/ainda-sem-anunciar-oficialmente-sport-renova-com-tecnico-paraguaio-ate-o-final-de-2022\/","chapeu":"A\u00cd SIM","data":"26\/11\/2021","imagem":"https:\/\/images.futebolinterior.com.br\/2021\/11\/FFH4rzuXIBc-HBC-300x225.jpg","resumo":""},"1514846":{"titulo":"BOMBA! CBF suspende partida do Brasileir\u00e3o ap\u00f3s problema com voo do Atl\u00e9tico-GO","link":"https:\/\/www.futebolinterior.com.br\/bomba-cbf-suspende-partida-do-brasileirao-apos-problema-com-voo-do-atletico-go\/","chapeu":"SUSPENSO!","data":"26\/11\/2021","imagem":"https:\/\/images.futebolinterior.com.br\/2021\/11\/chapecoense-arena-conda-300x200.jpeg","resumo":"Motivo \u00e9 o mau tempo na cidade catarinense"},"1514842":{"titulo":"Athletico-PR descarta fratura em Renato Kayzer, mas exame aposta les\u00e3o de ligamento","link":"https:\/\/www.futebolinterior.com.br\/athletico-pr-descarta-fratura-em-renato-kayzer-mas-exame-aposta-lesao-de-ligamento\/","chapeu":"FOR\u00c7A!","data":"26\/11\/2021","imagem":"https:\/\/images.futebolinterior.com.br\/2021\/11\/RenatoKayzer-athletico-300x167.jpg","resumo":"Ele recebeu uma entrada criminosa de Reinaldo, do S\u00e3o Paulo"},"1514829":{"titulo":"Goleiro do Juventude passar\u00e1 por artroscopia no joelho e n\u00e3o deve mais jogar em 2021","link":"https:\/\/www.futebolinterior.com.br\/goleiro-do-juventude-passara-por-artroscopia-no-joelho-e-nao-deve-mais-jogar-em-2021\/","chapeu":"T\u00c1 FORA!","data":"26\/11\/2021","imagem":"https:\/\/images.futebolinterior.com.br\/2021\/11\/marcelo-carne-juventude-300x160.jpg","resumo":"No Juventude desde 2019, Marcelo Carn\u00e9 foi titular ao longo de todo o primeiro turno, mas perdeu espa\u00e7o"},"1514814":{"titulo":"Jogo do Brasileir\u00e3o pode ser adiado ap\u00f3s avi\u00e3o de clube n\u00e3o conseguir pousar","link":"https:\/\/www.futebolinterior.com.br\/jogo-do-brasileirao-pode-ser-adiado-apos-aviao-de-clube-nao-conseguir-pousar\/","chapeu":"INDEFINI\u00c7\u00c3O!","data":"26\/11\/2021","imagem":"https:\/\/images.futebolinterior.com.br\/2021\/11\/delegacao-atletico-go-300x176.jpg","resumo":"Sem conseguir pousar, o Atl\u00e9tico precisou voltar para S\u00e3o Paulo"},"1514789":{"titulo":"Com dores, Marinho e Tardelli devem desfalcar Santos contra o Internacional","link":"https:\/\/www.futebolinterior.com.br\/com-dores-marinho-e-tardelli-devem-desfalcar-santos-contra-o-internacional\/","chapeu":"PROBLEMAS!","data":"26\/11\/2021","imagem":"https:\/\/images.futebolinterior.com.br\/2021\/11\/tardelli-santos-300x200.jpg","resumo":"Dupla de atacantes sentiu dores musculares ao longo do primeiro tempo da vit\u00f3ria sobre o Fortaleza, por 2 a 0"},"1514788":{"titulo":"Ap\u00f3s falha, Sylvinho refor\u00e7a confian\u00e7a em C\u00e1ssio: 'Todos acertamos e erramos'","link":"https:\/\/www.futebolinterior.com.br\/apos-falha-sylvinho-reforca-confianca-em-cassio-todos-acertamos-e-erramos\/","chapeu":"FOR\u00c7A!","data":"26\/11\/2021","imagem":"https:\/\/images.futebolinterior.com.br\/2021\/11\/Cor_RodrigoCoca_01_ori-300x216.jpg","resumo":"C\u00e1ssio falhou no primeiro gol do Cear\u00e1"},"1514760":{"titulo":"Willian lamenta trope\u00e7o do Corinthians, mas mostra confian\u00e7a para pr\u00f3xima rodada","link":"https:\/\/www.futebolinterior.com.br\/willian-lamenta-tropeco-do-corinthians-mas-mostra-confianca-para-proxima-rodada\/","chapeu":"ILUS\u00c3O?","data":"25\/11\/2021","imagem":"https:\/\/images.futebolinterior.com.br\/2021\/11\/William-Corinthians-2021-300x217.jpg","resumo":""}}