{"338776":{"titulo":"Volante encaminha renova\u00e7\u00e3o de contrato com o Fluminense at\u00e9 o fim do ano","link":"https:\/\/www.futebolinterior.com.br\/volante-encaminha-renovacao-de-contrato-com-o-fluminense-ate-o-fim-do-ano\/","chapeu":"ELE FICA","data":"20\/05\/2019","imagem":"https:\/\/images.futebolinterior.com.br\/2021\/04\/0002050389514_img-300x169.jpg","resumo":"O jogador, titular absoluto do t\u00e9cnico Fernando Diniz, tem contrato somente at\u00e9 o fim de junho com o clube carioca"},"338767":{"titulo":"Inter confirma les\u00e3o e Rodrigo Moledo s\u00f3 voltar\u00e1 depois da Copa Am\u00e9rica","link":"https:\/\/www.futebolinterior.com.br\/inter-confirma-lesao-e-rodrigo-moledo-so-voltara-depois-da-copa-america\/","chapeu":"FOR\u00c7A!","data":"20\/05\/2019","imagem":"https:\/\/images.futebolinterior.com.br\/2021\/04\/0002050389511_img-300x199.jpg","resumo":"Em princ\u00edpio, o jogador n\u00e3o enfrenta o Paysandu nos dois jogos das oitavas de final da Copa do Brasil"},"276785":{"titulo":"Com ex-Palmeiras e ex-Vasco, estrangeiros podem deixar clube da S\u00e9rie A por 'balada'","link":"https:\/\/www.futebolinterior.com.br\/com-ex-palmeiras-e-ex-vasco-estrangeiros-podem-deixar-clube-da-serie-a-por-balada\/","chapeu":"PROBLEMA!","data":"20\/05\/2019","imagem":"https:\/\/images.futebolinterior.com.br\/2020\/11\/0002050389493_img-300x226.jpg","resumo":"Armero, Manga Escobar e Maidana ser\u00e3o avisados da decis\u00e3o da diretoria na pr\u00f3xima quarta"},"338786":{"titulo":"Lateral do Botafogo revela dicas de Gatito para duelo da Copa Sul-Americana","link":"https:\/\/www.futebolinterior.com.br\/lateral-do-botafogo-revela-dicas-de-gatito-para-duelo-da-copa-sul-americana\/","chapeu":"AJUDANDO!","data":"20\/05\/2019","imagem":"https:\/\/images.futebolinterior.com.br\/2021\/04\/0002050389484_img-300x200.jpg","resumo":"Fernando n\u00e3o escondeu a felicidade pela oportunidade de disputar seu primeiro jogo de n\u00edvel internacional"},"338788":{"titulo":"'Essa \u00e9 a hora de mostrar que temos personalidade', diz zagueiro do Vasco","link":"https:\/\/www.futebolinterior.com.br\/essa-e-a-hora-de-mostrar-que-temos-personalidade-diz-zagueiro-do-vasco\/","chapeu":"VAI QUE VAI!","data":"20\/05\/2019","imagem":"https:\/\/images.futebolinterior.com.br\/2021\/04\/0002050389480_img-300x209.jpg","resumo":"Ao fim da quinta rodada do Brasileir\u00e3o, o Vasco segue sem vit\u00f3rias do Brasileir\u00e3o"},"338824":{"titulo":"Antes da Copa Am\u00e9rica, David Neres visita CT do S\u00e3o Paulo e faz avalia\u00e7\u00e3o","link":"https:\/\/www.futebolinterior.com.br\/antes-da-copa-america-david-neres-visita-ct-do-sao-paulo-e-faz-avaliacao\/","chapeu":"VISITA","data":"20\/05\/2019","imagem":"https:\/\/images.futebolinterior.com.br\/2021\/04\/0002050389478_img-300x200.jpg","resumo":"O S\u00e3o Paulo divulgou um foto de David Neres ao lado de Arboleda, que foi convocado pelo Equador"},"338844":{"titulo":"Sornoza \u00e9 cortado do Equador e refor\u00e7a o Corinthians; Arboleda \u00e9 confirmado","link":"https:\/\/www.futebolinterior.com.br\/sornoza-e-cortado-do-equador-e-reforca-o-corinthians-arboleda-e-confirmado\/","chapeu":"DE FORA","data":"20\/05\/2019","imagem":"https:\/\/images.futebolinterior.com.br\/2021\/04\/0002050389435_img-300x200.jpg","resumo":"Corintiano estava presente na primeira convoca\u00e7\u00e3o que contou com 40 atletas, sendo 12 meio-campistas"},"338846":{"titulo":"Em m\u00e1 fase, Alison e Derlis v\u00e3o desfalcar o Santos contra o Inter","link":"https:\/\/www.futebolinterior.com.br\/em-ma-fase-alison-e-derlis-vao-desfalcar-o-santos-contra-o-inter\/","chapeu":"BAIXAS","data":"20\/05\/2019","imagem":"https:\/\/images.futebolinterior.com.br\/2021\/04\/0002050389432_img-300x130.jpg","resumo":"Os dois foram advertidos com o terceiro cart\u00e3o amarelo e ainda tiveram atua\u00e7\u00f5es que evidenciaram o momento complicado"},"338851":{"titulo":"Geninho elogia atua\u00e7\u00e3o do Ava\u00ed contra o Vasco: \"Foi quase perfeito\"","link":"https:\/\/www.futebolinterior.com.br\/geninho-elogia-atuacao-do-avai-contra-o-vasco-foi-quase-perfeito\/","chapeu":"GOSTOU","data":"20\/05\/2019","imagem":"https:\/\/images.futebolinterior.com.br\/2021\/04\/0002050389417_img-300x209.jpg","resumo":"Geninho saiu de campo no domingo satisfeito com a atua\u00e7\u00e3o do Ava\u00ed no empate contra o Vasco em S\u00e3o Janu\u00e1rio, por 1 a 1"},"338853":{"titulo":"Ney Franco concorda com vaias, mas projeta volta por cima na Chapecoense","link":"https:\/\/www.futebolinterior.com.br\/ney-franco-concorda-com-vaias-mas-projeta-volta-por-cima-na-chapecoense\/","chapeu":"CONFIANTE","data":"20\/05\/2019","imagem":"https:\/\/images.futebolinterior.com.br\/2021\/04\/0002050389413_img-300x200.jpg","resumo":"Ney Franco saiu de campo no \u00faltimo domingo vaiado pelo torcedor da Chapecoense"}}