{"338679":{"titulo":"Bruno Henrique minimiza press\u00e3o no Flamengo depois de protestos da torcida","link":"https:\/\/www.futebolinterior.com.br\/bruno-henrique-minimiza-pressao-no-flamengo-depois-de-protestos-da-torcida\/","chapeu":"MINIMIZOU","data":"21\/05\/2019","imagem":"https:\/\/images.futebolinterior.com.br\/2021\/04\/0002050389660_img-300x178.jpg","resumo":"Abel Braga reuniu todo o elenco no gramado do CT para uma conversa, que durou cerca de 20 minutos"},"338677":{"titulo":"Palmeiras diz que retirou parte do menisco de Goulart e prev\u00ea retorno para julho","link":"https:\/\/www.futebolinterior.com.br\/palmeiras-diz-que-retirou-parte-do-menisco-de-goulart-e-preve-retorno-para-julho\/","chapeu":"RETORNO","data":"21\/05\/2019","imagem":"https:\/\/images.futebolinterior.com.br\/2021\/04\/0002050389659_img-300x173.jpg","resumo":"A les\u00e3o que obrigou o jogador a passar por um novo procedimento foi h\u00e1 tr\u00eas semanas"},"338681":{"titulo":"S\u00e3o Paulo encaminha troca de atacantes com o Fluminense","link":"https:\/\/www.futebolinterior.com.br\/sao-paulo-encaminha-troca-de-atacantes-com-o-fluminense\/","chapeu":"VAI E V\u00c9M","data":"21\/05\/2019","imagem":"https:\/\/images.futebolinterior.com.br\/2021\/04\/0002050389656_img-300x168.jpg","resumo":"O atacante Marquinhos Calazans, do Fluminense, deve assinar contrato por tr\u00eas anos com o S\u00e3o Paulo nos pr\u00f3ximos dias"},"338687":{"titulo":"Pedrinho e Vital comemoram convoca\u00e7\u00e3o \u00e0 sele\u00e7\u00e3o ol\u00edmpica: 'Felicidade em dobro'","link":"https:\/\/www.futebolinterior.com.br\/pedrinho-e-vital-comemoram-convocacao-a-selecao-olimpica-felicidade-em-dobro\/","chapeu":"QUE DUPLA","data":"21\/05\/2019","imagem":"https:\/\/images.futebolinterior.com.br\/2021\/04\/0002050389649_img-300x225.jpg","resumo":"O atacante se emocionou com a convoca\u00e7\u00e3o, j\u00e1 que ser\u00e1 a primeira vez que defender\u00e1 uma sele\u00e7\u00e3o brasileira "},"338705":{"titulo":"Santos se reapresenta nesta ter\u00e7a e ter\u00e1 5 treinos na prepara\u00e7\u00e3o para pegar Inter","link":"https:\/\/www.futebolinterior.com.br\/santos-se-reapresenta-nesta-terca-e-tera-5-treinos-na-preparacao-para-pegar-inter\/","chapeu":"DE BOA","data":"21\/05\/2019","imagem":"https:\/\/images.futebolinterior.com.br\/2021\/04\/0002050389641_img-300x200.jpg","resumo":"Ap\u00f3s dois dias de folga para superar a decep\u00e7\u00e3o da derrota por 4 a 0 para o Palmeiras, s\u00e1bado, no Pacaembu, pela quinta rodada do Campeonato Brasileiro"},"338721":{"titulo":"Para diminuir desgaste, Palmeiras viajar\u00e1 a Bras\u00edlia ap\u00f3s jogo da Copa do Brasil","link":"https:\/\/www.futebolinterior.com.br\/para-diminuir-desgaste-palmeiras-viajara-a-brasilia-apos-jogo-da-copa-do-brasil\/","chapeu":"LOG\u00cdSTICA","data":"21\/05\/2019","imagem":"https:\/\/images.futebolinterior.com.br\/2021\/04\/0002050389616_img-300x168.jpg","resumo":"O Palmeiras n\u00e3o retornar\u00e1 a S\u00e3o Paulo ap\u00f3s a estreia nas oitavas de final da Copa do Brasil, em S\u00e3o Lu\u00eds, nesta quarta-feira diante do Sampaio C\u00f4rrea, \u00e0s 19h15"},"338731":{"titulo":"Pol\u00edcia usa jogos do Brasileir\u00e3o como teste de seguran\u00e7a para a Copa Am\u00e9rica","link":"https:\/\/www.futebolinterior.com.br\/policia-usa-jogos-do-brasileirao-como-teste-de-seguranca-para-a-copa-america\/","chapeu":"EM CIMA!","data":"21\/05\/2019","imagem":"https:\/\/images.futebolinterior.com.br\/2021\/04\/0002050389608_img-300x181.jpg","resumo":"Atua\u00e7\u00e3o dos oficiais j\u00e1 resultou na apreens\u00e3o de drogas e na proibi\u00e7\u00e3o da entrada de torcedores "},"338733":{"titulo":"Les\u00f5es e desgaste f\u00edsico fazem Cuca pensar em rod\u00edzio no S\u00e3o Paulo","link":"https:\/\/www.futebolinterior.com.br\/lesoes-e-desgaste-fisico-fazem-cuca-pensar-em-rodizio-no-sao-paulo\/","chapeu":"PREOCUPA\u00c7\u00c3O","data":"21\/05\/2019","imagem":"https:\/\/images.futebolinterior.com.br\/2021\/04\/0002050389607_img-300x193.jpg","resumo":"Outros jogadores s\u00e3o d\u00favidas, como Hernanes, com inc\u00f4modo muscular na coxa direita, e Antony, com dores na costela"},"338735":{"titulo":"De olho em Uribe, Santos ainda busca um centroavante para o Brasileir\u00e3o","link":"https:\/\/www.futebolinterior.com.br\/de-olho-em-uribe-santos-ainda-busca-um-centroavante-para-o-brasileirao\/","chapeu":"NO MERCADO","data":"21\/05\/2019","imagem":"https:\/\/images.futebolinterior.com.br\/2021\/04\/0002050389606_img-300x200.jpg","resumo":"O Peixe est\u00e1 fazendo uma busca no mercado, mas tem encontrado dificuldade para atender ao argentino"},"338763":{"titulo":"Orejuela passar\u00e1 por cirurgia, preocupa Cruzeiro e vira baixa na Copa Am\u00e9rica","link":"https:\/\/www.futebolinterior.com.br\/orejuela-passara-por-cirurgia-preocupa-cruzeiro-e-vira-baixa-na-copa-america\/","chapeu":"PROBLEMA!","data":"20\/05\/2019","imagem":"https:\/\/images.futebolinterior.com.br\/2021\/04\/0002050389543_img-300x186.jpg","resumo":"Segundo o time mineiro, h\u00e1 necessidade de aprova\u00e7\u00e3o do Ajax, clube holand\u00eas que det\u00e9m os direitos do jogador"}}