{"338870":{"titulo":"PM pede mudan\u00e7a de Corinthians x S\u00e3o Paulo para evitar briga entre torcidas","link":"https:\/\/www.futebolinterior.com.br\/pm-pede-mudanca-de-corinthians-x-sao-paulo-para-evitar-briga-entre-torcidas\/","chapeu":"NOVO HOR\u00c1RIO?","data":"20\/05\/2019","imagem":"https:\/\/images.futebolinterior.com.br\/2021\/04\/0002050389405_img-300x200.jpg","resumo":"A Pol\u00edcia Militar encaminhou nesta segunda-feira of\u00edcio para o Minist\u00e9rio P\u00fablico desaconselhando a realiza\u00e7\u00e3o do cl\u00e1ssico entre Corinthians e S\u00e3o Paulo"},"338889":{"titulo":"Em entrevista, diretor do Gr\u00eamio confirma acerto com zagueiro do Santos","link":"https:\/\/www.futebolinterior.com.br\/em-entrevista-diretor-do-gremio-confirma-acerto-com-zagueiro-do-santos\/","chapeu":"TUDO CERTO","data":"20\/05\/2019","imagem":"https:\/\/images.futebolinterior.com.br\/2021\/04\/0002050389403_img-300x200.jpg","resumo":"Em meio a um p\u00e9ssimo in\u00edcio de Campeonato Brasileiro - apenas dois empates nas cinco primeiras rodadas -, o Gr\u00eamio segue tentando se refor\u00e7ar para a sequ\u00eancia da temporada"},"338865":{"titulo":"Cheia de gols, Sele\u00e7\u00e3o da Rodada \u00e9 dominada por jogadores do Palmeiras","link":"https:\/\/www.futebolinterior.com.br\/cheia-de-gols-selecao-da-rodada-e-dominada-por-jogadores-do-palmeiras\/","chapeu":"CRAQUES","data":"20\/05\/2019","imagem":"https:\/\/images.futebolinterior.com.br\/2021\/04\/0002050389401_img-300x187.jpg","resumo":"O Campeonato Brasileiro n\u00e3o est\u00e1 deixando a desejar quando o assunto \u00e9 bola na rede"},"338887":{"titulo":"Torcida do Flamengo faz protesto com picha\u00e7\u00e3o em muros da G\u00e1vea: 'Fora Abel'","link":"https:\/\/www.futebolinterior.com.br\/torcida-do-flamengo-faz-protesto-com-pichacao-em-muros-da-gavea-fora-abel\/","chapeu":"CRISE?","data":"20\/05\/2019","imagem":"https:\/\/images.futebolinterior.com.br\/2021\/04\/0002050389390_img-300x188.jpg","resumo":"Luiz Eduardo Baptista, vice de Rela\u00e7\u00f5es Externas e membro do conselho gestor de futebol, tamb\u00e9m foi alvo"},"338899":{"titulo":"Gr\u00eamio acerta com zagueiro na Turquia, mas ainda depende de aval do Santos","link":"https:\/\/www.futebolinterior.com.br\/gremio-acerta-com-zagueiro-na-turquia-mas-ainda-depende-de-aval-do-santos\/","chapeu":"MERCADO","data":"20\/05\/2019","imagem":"https:\/\/images.futebolinterior.com.br\/2021\/04\/0002050389382_img-300x200.jpg","resumo":"O Gr\u00eamio acertou com o zagueiro David Braz, de 31 anos"},"338908":{"titulo":"De sa\u00edda do Bayern, Rafinha rejeita Inter de Mil\u00e3o e acerta com time brasileiro","link":"https:\/\/www.futebolinterior.com.br\/de-saida-do-bayern-rafinha-rejeita-inter-de-milao-e-acerta-com-time-brasileiro\/","chapeu":"T\u00d4 VOLTANDO","data":"20\/05\/2019","imagem":"https:\/\/images.futebolinterior.com.br\/2021\/04\/0002050389381_img-300x182.jpg","resumo":"Lateral-direito finalmente disse ao Flamengo e vai defender o clube no segundo semestre"},"338905":{"titulo":"'Craque do Jogo', atacante do Goi\u00e1s pede mais amor e manda recado para Sid\u00e3o","link":"https:\/\/www.futebolinterior.com.br\/craque-do-jogo-atacante-do-goias-pede-mais-amor-e-manda-recado-para-sidao\/","chapeu":"BONITO","data":"20\/05\/2019","imagem":"https:\/\/images.futebolinterior.com.br\/2021\/04\/0002050389378_img-300x185.jpg","resumo":"Ap\u00f3s a vit\u00f3ria por 1 a 0 contra o Botafogo dentro do est\u00e1dio Serra Dourada, o atacante Michael foi eleito o \u2018Craque do Jogo\u2019, em vota\u00e7\u00e3o aberta para internautas no Globoesporte"},"338916":{"titulo":"Tecnologia nos uniformes: a import\u00e2ncia da mudan\u00e7a nas camisas de futebol","link":"https:\/\/www.futebolinterior.com.br\/tecnologia-nos-uniformes-a-importancia-da-mudanca-nas-camisas-de-futebol\/","chapeu":"MELHORA","data":"20\/05\/2019","imagem":"https:\/\/images.futebolinterior.com.br\/2021\/04\/0002050389366_img-300x199.jpg","resumo":"\u200bUniformes de futebol s\u00e3o muito mais que camisas com um escudo gravado no peito e uma s\u00e9rie de patrocinadores espalhados pelas mesmas"},"338930":{"titulo":"Jadson destaca parceria com Love no Corinthians: 'A gente se entende no olhar'","link":"https:\/\/www.futebolinterior.com.br\/jadson-destaca-parceria-com-love-no-corinthians-a-gente-se-entende-no-olhar\/","chapeu":"AMIGOS","data":"20\/05\/2019","imagem":"https:\/\/images.futebolinterior.com.br\/2021\/04\/0002050389360_img-300x199.jpg","resumo":"O meia Jadson voltou a ganhar uma chance no time titular do Corinthians na vit\u00f3ria sobre o Athletico-PR por 2 a 0, fora de casa, no domingo, pela quinta rodada do Campeonato "},"338933":{"titulo":"Preocupado com ataque, S\u00e3o Paulo vai ao mercado em busca de op\u00e7\u00f5es de refor\u00e7os","link":"https:\/\/www.futebolinterior.com.br\/preocupado-com-ataque-sao-paulo-vai-ao-mercado-em-busca-de-opcoes-de-reforcos\/","chapeu":"NA SECA","data":"20\/05\/2019","imagem":"https:\/\/images.futebolinterior.com.br\/2021\/04\/0002050389359_img-300x186.jpg","resumo":"O S\u00e3o Paulo deixou o est\u00e1dio do Morumbi, na capital paulista, no domingo, frustrado pelo empate por 0 a 0 contra o Bahia, pelo Campeonato Brasileiro"}}