{"397610":{"titulo":"Am\u00e9rica-MG busca encerrar jejum de quase sete anos como visitante na elite","link":"https:\/\/www.futebolinterior.com.br\/america-mg-busca-encerrar-jejum-de-quase-sete-anos-como-visitante-na-elite\/","chapeu":"FAZ TEMPO","data":"13\/05\/2018","imagem":"https:\/\/images.futebolinterior.com.br\/2021\/04\/0002050313273_img-300x224.jpg","resumo":"A \u00faltima vit\u00f3ria do Coelho fora de casa no Brasileir\u00e3o foi no dia 12 de novembro de 2011"},"397624":{"titulo":"Chapecoense x Flamengo - Verd\u00e3o entra em campo pressionado contra o l\u00edder","link":"https:\/\/www.futebolinterior.com.br\/chapecoense-x-flamengo-verdao-entra-em-campo-pressionado-contra-o-lider\/","chapeu":"PESADO","data":"13\/05\/2018","imagem":"https:\/\/images.futebolinterior.com.br\/2021\/04\/0002050313264_img-300x200.jpg","resumo":"A temperatura esquentou em Chapec\u00f3 durante a semana. Pressionado, a Chapecoense de Gilson Kleina entra em campo neste domingo, \u00e0s 16 horas, precisando de uma vit\u00f3ria"},"397628":{"titulo":"Cruzeiro x Sport - Domingo das m\u00e3es vai pegar fogo no Brasileir\u00e3o","link":"https:\/\/www.futebolinterior.com.br\/cruzeiro-x-sport-domingo-das-maes-vai-pegar-fogo-no-brasileirao\/","chapeu":"AI SIM","data":"13\/05\/2018","imagem":"https:\/\/images.futebolinterior.com.br\/2021\/04\/0002050313263_img-300x163.jpg","resumo":"O Cruzeiro segue em busca de uma recupera\u00e7\u00e3o no Campeonato Brasileiro"},"397661":{"titulo":"PLACAR FI: Confira os resultados dos jogos deste S\u00c1BADO de muitas emo\u00e7\u00f5es!","link":"https:\/\/www.futebolinterior.com.br\/placar-fi-confira-os-resultados-dos-jogos-deste-sabado-de-muitas-emocoes\/","chapeu":"CONFERE AI! ","data":"12\/05\/2018","imagem":"https:\/\/images.futebolinterior.com.br\/2021\/04\/0002050313200_img-300x200.jpg","resumo":"O Placar FI acompanhou todos os jogos AO VIVO e agora o Portal Futebol Interior tr\u00e1s todos os resultados"},"397630":{"titulo":"Corinthians x Palmeiras - Verd\u00e3o engasgado e Tim\u00e3o querendo fazer festa...","link":"https:\/\/www.futebolinterior.com.br\/corinthians-x-palmeiras-verdao-engasgado-e-timao-querendo-fazer-festa\/","chapeu":"\u00c9 CL\u00c1SSICO!","data":"12\/05\/2018","imagem":"https:\/\/images.futebolinterior.com.br\/2021\/04\/0002050313261_img-300x200.jpg","resumo":"O time alviverde ainda n\u00e3o superou o Paulist\u00e3o, enquanto o alvinegro quer realizar mais uma fa\u00e7anha"},"397691":{"titulo":"Gr\u00eamio 0 x 0 Inter - Grenal com emo\u00e7\u00e3o, reclama\u00e7\u00e3o e nenhum gol","link":"https:\/\/www.futebolinterior.com.br\/gremio-0-x-0-inter-grenal-com-emocao-reclamacao-e-nenhum-gol\/","chapeu":"TUDO IGUAL","data":"12\/05\/2018","imagem":0,"resumo":"Tricolor deixou o gramado reclamando de dois p\u00eanaltis n\u00e3o marcados"},"397723":{"titulo":"Palmeiras foca bola parada em \u00faltimo treino antes do cl\u00e1ssico contra Corinthians","link":"https:\/\/www.futebolinterior.com.br\/palmeiras-foca-bola-parada-em-ultimo-treino-antes-do-classico-contra-corinthians\/","chapeu":"TOP","data":"12\/05\/2018","imagem":"https:\/\/images.futebolinterior.com.br\/2021\/04\/0002050313147_img-300x168.jpg","resumo":"O time do t\u00e9cnico Roger Machado \u00e9 o vice-l\u00edder da competi\u00e7\u00e3o, com 8 pontos, um na frente do terceiro Corinthians"},"397725":{"titulo":"Corinthians recebe apoio da torcida e Carille repete escala\u00e7\u00e3o para o cl\u00e1ssico","link":"https:\/\/www.futebolinterior.com.br\/corinthians-recebe-apoio-da-torcida-e-carille-repete-escalacao-para-o-classico\/","chapeu":"FIEL","data":"12\/05\/2018","imagem":"https:\/\/images.futebolinterior.com.br\/2021\/04\/0002050313145_img-300x200.jpg","resumo":"Os jogadores retribu\u00edram \u00e0 manifesta\u00e7\u00e3o e foram saudar os corintianos que faziam a festa do lado de fora do CT Joaquim Grava"},"397729":{"titulo":"Santos x Paran\u00e1 - Peixe estreia na Vila Belmiro para reagir no Brasileir\u00e3o","link":"https:\/\/www.futebolinterior.com.br\/santos-x-parana-peixe-estreia-na-vila-belmiro-para-reagir-no-brasileirao\/","chapeu":"VAI COM TUDO","data":"12\/05\/2018","imagem":"https:\/\/images.futebolinterior.com.br\/2021\/04\/0002050313141_img-300x200.jpg","resumo":"O time paulista jogou apenas um jogo como mandante, realizado no Pacaembu, onde venceu o Cear\u00e1 por 2 a 0"},"397762":{"titulo":"Atl\u00e9tico-PR x Atl\u00e9tico-MG - Por 1\u00aa vit\u00f3ria fora, Galo encara time misto do Furac\u00e3o","link":"https:\/\/www.futebolinterior.com.br\/atletico-pr-x-atletico-mg-por-1a-vitoria-fora-galo-encara-time-misto-do-furacao\/","chapeu":"XAR\u00c1S","data":"12\/05\/2018","imagem":"https:\/\/images.futebolinterior.com.br\/2021\/04\/0002050313136_img-300x208.jpg","resumo":"Al\u00e9m do Brasileir\u00e3o, o time paranaense est\u00e1 em outras duas competi\u00e7\u00f5es: Copa do Brasil e Sul-Americana"}}