{"397734":{"titulo":"Vasco x Vit\u00f3ria \u2013 \u00c9 luta contra o rebaixamento?","link":"https:\/\/www.futebolinterior.com.br\/vasco-x-vitoria-e-luta-contra-o-rebaixamento\/","chapeu":"EM CRISE","data":"12\/05\/2018","imagem":"https:\/\/images.futebolinterior.com.br\/2021\/04\/0002050313138_img-300x200.jpg","resumo":"O time carioca n\u00e3o vem mal no Campeonato Brasileiro, mas vive situa\u00e7\u00e3o complicada na Copa do Brasil e na Libertadores"},"397737":{"titulo":"Bahia x S\u00e3o Paulo \u2013 T\u00e1 na hora de embalar no Brasileir\u00e3o","link":"https:\/\/www.futebolinterior.com.br\/bahia-x-sao-paulo-ta-na-hora-de-embalar-no-brasileirao\/","chapeu":"AGORA VAI?","data":"12\/05\/2018","imagem":"https:\/\/images.futebolinterior.com.br\/2021\/04\/0002050313137_img-300x141.jpg","resumo":"O Tricolor Paulista vem de quatro empates no Campeonato Brasileiro, mas voltou a vencer na quarta-feira, pela Sul-Americana"},"397750":{"titulo":"Ap\u00f3s semana com corte da sele\u00e7\u00e3o e 2\u00ba gol pelo Santos, Yuri Alberto ganha elogios","link":"https:\/\/www.futebolinterior.com.br\/apos-semana-com-corte-da-selecao-e-2o-gol-pelo-santos-yuri-alberto-ganha-elogios\/","chapeu":"COM MORAL","data":"12\/05\/2018","imagem":"https:\/\/images.futebolinterior.com.br\/2021\/04\/0002050313135_img-300x200.jpg","resumo":"\"Yuri tem import\u00e2ncia e provou isso. \u00c9 nosso \u00fanico centroavante de origem e o usaremos quando precisarmos\", afirmou Jair Ventura"},"397752":{"titulo":"Carille v\u00ea empate como algo 'maravilhoso' para o Palmeiras no d\u00e9rbi de domingo","link":"https:\/\/www.futebolinterior.com.br\/carille-ve-empate-como-algo-maravilhoso-para-o-palmeiras-no-derbi-de-domingo\/","chapeu":"COMO ASSIM?","data":"12\/05\/2018","imagem":"https:\/\/images.futebolinterior.com.br\/2021\/04\/0002050313134_img-300x189.jpg","resumo":"F\u00e1bio Carille vai definir o time titular do Corinthians para encarar o Palmeiras neste s\u00e1bado, em treinamento que ser\u00e1 realizado no CT Joaquim Grava, em S\u00e3o Paulo"},"397754":{"titulo":"Curitiba vai testar esquema de torcida \u00fanica em todos as partidas na cidade","link":"https:\/\/www.futebolinterior.com.br\/curitiba-vai-testar-esquema-de-torcida-unica-em-todos-as-partidas-na-cidade\/","chapeu":"PROJETO","data":"12\/05\/2018","imagem":"https:\/\/images.futebolinterior.com.br\/2021\/04\/0002050313132_img-300x208.jpg","resumo":"O \u00f3rg\u00e3o justificou o esquema ao citar dados da cidade de S\u00e3o Paulo, onde se tem torcida \u00fanica em cl\u00e1ssicos desde 2016"},"397756":{"titulo":"Contra o Bahia, Sid\u00e3o far\u00e1 seu 50\u00ba jogo no gol do S\u00e3o Paulo: '\u00c9 uma honra'","link":"https:\/\/www.futebolinterior.com.br\/contra-o-bahia-sidao-fara-seu-50o-jogo-no-gol-do-sao-paulo-e-uma-honra\/","chapeu":"MARCA HIST\u00d3RICA","data":"12\/05\/2018","imagem":"https:\/\/images.futebolinterior.com.br\/2021\/04\/0002050313131_img-300x193.jpg","resumo":"O jogador listou seus cinco jogos mais marcantes na equipe tricolor"},"397746":{"titulo":"Na Arena Gr\u00eamio, Gre-Nal op\u00f5e rivais em fases opostas pelo Campeonato Brasileiro","link":"https:\/\/www.futebolinterior.com.br\/na-arena-gremio-gre-nal-opoe-rivais-em-fases-opostas-pelo-campeonato-brasileiro\/","chapeu":"QUEM LEVA?","data":"12\/05\/2018","imagem":"https:\/\/images.futebolinterior.com.br\/2021\/04\/0002050313129_img-300x200.jpg","resumo":"O cl\u00e1ssico Gr\u00eamio x Internacional de n\u00famero 416 da hist\u00f3ria - o quarto da temporada de 2018 e que abre neste s\u00e1bado, \u00e0s 16 horas, a quinta rodada do Campeonato Brasileiro"},"397760":{"titulo":"Corinthians confirma a contrata\u00e7\u00e3o de jovem revela\u00e7\u00e3o do ABC","link":"https:\/\/www.futebolinterior.com.br\/corinthians-confirma-a-contratacao-de-jovem-revelacao-do-abc\/","chapeu":"MAIS UM","data":"12\/05\/2018","imagem":"https:\/\/images.futebolinterior.com.br\/2021\/04\/0002050313127_img-300x199.jpg","resumo":"O jogador chega para a equipes sub-20 do Corinthians e n\u00e3o deve integrar o elenco de F\u00e1bio Carille por enquanto"},"397748":{"titulo":"Pedrinho est\u00e1 pronto para seu 'batismo' como titular no cl\u00e1ssico contra Palmeiras","link":"https:\/\/www.futebolinterior.com.br\/pedrinho-esta-pronto-para-seu-batismo-como-titular-no-classico-contra-palmeiras\/","chapeu":"TESTE DE FOGO","data":"12\/05\/2018","imagem":"https:\/\/images.futebolinterior.com.br\/2021\/04\/0002050313126_img-300x169.jpg","resumo":"\"Estou preparado para o que der e vier. Por ser um cl\u00e1ssico, \u00e9 um jogo diferente e todo jogador quer jogar\", disse"},"397758":{"titulo":"Thiago Neves, Ariel e Romero n\u00e3o treinam e podem desfalcar o Cruzeiro domingo","link":"https:\/\/www.futebolinterior.com.br\/thiago-neves-ariel-e-romero-nao-treinam-e-podem-desfalcar-o-cruzeiro-domingo\/","chapeu":"D\u00daVIDAS","data":"12\/05\/2018","imagem":"https:\/\/images.futebolinterior.com.br\/2021\/04\/0002050313125_img-300x164.jpg","resumo":"Se n\u00e3o tiver condi\u00e7\u00f5es de jogo, Thiago Neves dever\u00e1 ser substitu\u00eddo por Robinho"}}