{"397548":{"titulo":"Corinthians 1 x 0 Palmeiras - No reino de Itaquera, quem comanda \u00e9 Reidriguinho","link":"https:\/\/www.futebolinterior.com.br\/corinthians-1-x-0-palmeiras-no-reino-de-itaquera-quem-comanda-e-reidriguinho\/","chapeu":"FREGUESIA","data":"13\/05\/2018","imagem":0,"resumo":"Tim\u00e3o volta a derrotar maior rival e encosta nos l\u00edderes do Brasileir\u00e3o"},"397594":{"titulo":"Presidente do Gr\u00eamio detona D'Alessandro ap\u00f3s confus\u00e3o no cl\u00e1ssico","link":"https:\/\/www.futebolinterior.com.br\/presidente-do-gremio-detona-dalessandro-apos-confusao-no-classico\/","chapeu":"NA BRONCA","data":"13\/05\/2018","imagem":"https:\/\/images.futebolinterior.com.br\/2021\/04\/0002050313289_img-300x200.jpg","resumo":"O capit\u00e3o do Internacional acertou um soco no pesco\u00e7o de Luan ap\u00f3s a partida de s\u00e1bado"},"397598":{"titulo":"Rodrigo Lasmar garante que Fagner est\u00e1 apto para jogar a Copa pela Sele\u00e7\u00e3o","link":"https:\/\/www.futebolinterior.com.br\/rodrigo-lasmar-garante-que-fagner-esta-apto-para-jogar-a-copa-pela-selecao\/","chapeu":"A\u00cd SIM","data":"13\/05\/2018","imagem":"https:\/\/images.futebolinterior.com.br\/2021\/04\/0002050313286_img-300x200.jpg","resumo":"O camisa 2 alvinegro \u00e9 um dos cotados para substituir Daniel Alves, vetado devido a uma contus\u00e3o no joelho"},"397587":{"titulo":"Cruzeiro 2 x 0 Sport - Le\u00e3o recebe presente de grego da Raposa","link":"https:\/\/www.futebolinterior.com.br\/cruzeiro-2-x-0-sport-leao-recebe-presente-de-grego-da-raposa\/","chapeu":"A\u00cd N\u00c3O N\u00c9","data":"13\/05\/2018","imagem":"https:\/\/images.futebolinterior.com.br\/2021\/04\/0002050313285_img-300x226.jpg","resumo":"No dia em que completou 113 anos, o time pernambucano foi derrotado no Mineir\u00e3o"},"397618":{"titulo":"Vasco da Gama acerta com volante Raul, do Cear\u00e1","link":"https:\/\/www.futebolinterior.com.br\/vasco-da-gama-acerta-com-volante-raul-do-ceara\/","chapeu":"T\u00c1 CERTO","data":"13\/05\/2018","imagem":"https:\/\/images.futebolinterior.com.br\/2021\/04\/0002050313271_img-300x170.jpg","resumo":"O jogador n\u00e3o renovou com o Voz\u00e3o e chegou a ser sondado por outros clubes brasileiros"},"397604":{"titulo":"Odair Hellmann celebra empate do Internacional diante do Gr\u00eamio","link":"https:\/\/www.futebolinterior.com.br\/odair-hellmann-celebra-empate-do-internacional-diante-do-gremio\/","chapeu":"FELIZ DA VIDA","data":"13\/05\/2018","imagem":"https:\/\/images.futebolinterior.com.br\/2021\/04\/0002050313281_img-300x146.jpg","resumo":"O Colorado priorizou a marca\u00e7\u00e3o no cl\u00e1ssico do \u00faltimo s\u00e1bado e saiu sem levar gols"},"397602":{"titulo":"Cear\u00e1 x Am\u00e9rica-MG - \u00c9 vencer para espantar a crise no Brasileir\u00e3o","link":"https:\/\/www.futebolinterior.com.br\/ceara-x-america-mg-e-vencer-para-espantar-a-crise-no-brasileirao\/","chapeu":"NO SUFOCO","data":"13\/05\/2018","imagem":"https:\/\/images.futebolinterior.com.br\/2021\/04\/0002050313280_img-300x200.jpg","resumo":"O Voz\u00e3o ainda busca a primeira vit\u00f3ria na competi\u00e7\u00e3o e quer deixar a zona do rebaixamento"},"397606":{"titulo":"Renato Ga\u00facho, t\u00e9cnico do Gr\u00eamio, ironiza atua\u00e7\u00e3o do Inter: \"Time de 2\u00aa Divis\u00e3o\"","link":"https:\/\/www.futebolinterior.com.br\/renato-gaucho-tecnico-do-gremio-ironiza-atuacao-do-inter-time-de-2a-divisao\/","chapeu":"POL\u00caMICA","data":"13\/05\/2018","imagem":"https:\/\/images.futebolinterior.com.br\/2021\/04\/0002050313277_img-300x198.jpg","resumo":"O Imortal teve 75% de posse de bola, mas n\u00e3o conseguiu passar pela retranca do rival"},"397608":{"titulo":"Contra o Am\u00e9rica-MG, Cear\u00e1 busca primeira vit\u00f3ria no Brasileir\u00e3o","link":"https:\/\/www.futebolinterior.com.br\/contra-o-america-mg-ceara-busca-primeira-vitoria-no-brasileirao\/","chapeu":"PARA REAGIR","data":"13\/05\/2018","imagem":"https:\/\/images.futebolinterior.com.br\/2021\/04\/0002050313276_img-300x200.jpg","resumo":"O Voz\u00e3o somou apenas dois pontos, mas vem animado ap\u00f3s arrancar um empate na Arena Corinthians"},"397614":{"titulo":"Com agrados, CBF e federa\u00e7\u00f5es formam parceria no poder","link":"https:\/\/www.futebolinterior.com.br\/com-agrados-cbf-e-federacoes-formam-parceria-no-poder\/","chapeu":"TRISTE!","data":"13\/05\/2018","imagem":"https:\/\/images.futebolinterior.com.br\/2021\/04\/0002050313274_img-300x200.jpg","resumo":"Desde 1989 que o indicado da situa\u00e7\u00e3o \u00e9 eleito ou reeleito com apoio maci\u00e7o dos presidentes das federa\u00e7\u00f5es"}}