{"394777":{"titulo":"Mano critica CBF por impasse sobre uso de Ded\u00e9 e descarta poupar titulares","link":"https:\/\/www.futebolinterior.com.br\/mano-critica-cbf-por-impasse-sobre-uso-de-dede-e-descarta-poupar-titulares\/","chapeu":"VISH","data":"25\/05\/2018","imagem":"https:\/\/images.futebolinterior.com.br\/2021\/04\/0002050315925_img-300x157.jpg","resumo":"A Fifa veta a participa\u00e7\u00e3o dos 35 jogadores inscritos para a Copa em partidas de futebol realizadas a partir da \u00faltima segunda"},"394789":{"titulo":"Gr\u00eamio viaja sem Marcelo Oliveira e Luan, mas tem retorno de Everton","link":"https:\/\/www.futebolinterior.com.br\/gremio-viaja-sem-marcelo-oliveira-e-luan-mas-tem-retorno-de-everton\/","chapeu":"BOM E RUIM","data":"25\/05\/2018","imagem":"https:\/\/images.futebolinterior.com.br\/2021\/04\/0002050315886_img-300x200.jpg","resumo":"O elenco tricolor vai realizar o \u00faltimo treinamento antes do jogo contra o Cear\u00e1 neste s\u00e1bado"},"394795":{"titulo":"Libertadores: Dod\u00f4 defende Jair e faz apelo aos santistas: 'Precisamos de voc\u00eas'","link":"https:\/\/www.futebolinterior.com.br\/libertadores-dodo-defende-jair-e-faz-apelo-aos-santistas-precisamos-de-voces\/","chapeu":"FEZ UM APELO!","data":"25\/05\/2018","imagem":"https:\/\/images.futebolinterior.com.br\/2021\/04\/0002050315883_img-300x162.jpg","resumo":"o time deixou o campo sob vaias. Diante desse cen\u00e1rio, o lateral-esquerdo Dod\u00f4 fez um apelo para que os santistas voltem a apoiar a equipe"},"394804":{"titulo":"Greve e lista de Tite atrapalham planejamento de clubes na v\u00e9spera da rodada","link":"https:\/\/www.futebolinterior.com.br\/greve-e-lista-de-tite-atrapalham-planejamento-de-clubes-na-vespera-da-rodada\/","chapeu":"COMPLICADO","data":"25\/05\/2018","imagem":"https:\/\/images.futebolinterior.com.br\/2021\/04\/0002050315880_img-300x185.jpg","resumo":"A Fifa veta a participa\u00e7\u00e3o dos 35 jogadores inscritos para a Copa em partidas de futebol realizadas a partir da \u00faltima segunda-feira"},"394802":{"titulo":"Vasco nega que tenha reintegrado 4 atletas afastados ap\u00f3s post pol\u00eamico","link":"https:\/\/www.futebolinterior.com.br\/vasco-nega-que-tenha-reintegrado-4-atletas-afastados-apos-post-polemico\/","chapeu":"NADA DISSO","data":"25\/05\/2018","imagem":"https:\/\/images.futebolinterior.com.br\/2021\/04\/0002050315877_img-300x225.jpg","resumo":"Evander, Wellington, Gabriel F\u00e9lix e Paul\u00e3o seguem fora do time e n\u00e3o enfrentam o Bahia pelo Brasileir\u00e3o"},"394810":{"titulo":"Afetada por greve, CBF monitora aeroportos e ainda pode adiar jogos do Brasileiro","link":"https:\/\/www.futebolinterior.com.br\/afetada-por-greve-cbf-monitora-aeroportos-e-ainda-pode-adiar-jogos-do-brasileiro\/","chapeu":"DE OLHO","data":"25\/05\/2018","imagem":"https:\/\/images.futebolinterior.com.br\/2021\/04\/0002050315872_img-300x191.jpg","resumo":"A entidade, contudo, descarta o cancelamento total da rodada deste final de semana, pois n\u00e3o tem datas no calend\u00e1rio"},"394808":{"titulo":"S\u00e3o Paulo fecha semana de ajustes para 'maratona' antes da Copa","link":"https:\/\/www.futebolinterior.com.br\/sao-paulo-fecha-semana-de-ajustes-para-maratona-antes-da-copa\/","chapeu":"FOCO NO COELHO!","data":"25\/05\/2018","imagem":"https:\/\/images.futebolinterior.com.br\/2021\/04\/0002050315874_img-300x193.jpg","resumo":"Esta foi a \u00faltima semana cheia para ajustes, j\u00e1 que o Tricolor n\u00e3o tinha compromissos na Sul-Americana e est\u00e1 fora da Copa do Brasil"},"394821":{"titulo":"Corinthians n\u00e3o recebe notifica\u00e7\u00e3o da CBF e v\u00ea Rodriguinho livre para jogar","link":"https:\/\/www.futebolinterior.com.br\/corinthians-nao-recebe-notificacao-da-cbf-e-ve-rodriguinho-livre-para-jogar\/","chapeu":"T\u00c1 LIVRE!","data":"25\/05\/2018","imagem":"https:\/\/images.futebolinterior.com.br\/2021\/04\/0002050315871_img-300x200.jpg","resumo":"Tim\u00e3o ainda espera que uma resposta chegue nesta sexta, pelo menos garantindo que nenhum jogador est\u00e1 na lista de suplesntes de Tite"},"394812":{"titulo":"S\u00e9rie B: Guarani espera fechar com atacante Vitor Feij\u00e3o, do Paran\u00e1","link":"https:\/\/www.futebolinterior.com.br\/serie-b-guarani-espera-fechar-com-atacante-vitor-feijao-do-parana\/","chapeu":"NA MIRA","data":"25\/05\/2018","imagem":"https:\/\/images.futebolinterior.com.br\/2021\/04\/0002050315870_img-300x169.png","resumo":"O jogador n\u00e3o vem sendo muito aproveitado por Rog\u00e9rio Micale e a diretoria tricolor v\u00ea com bons olhos um poss\u00edvel empr\u00e9stimo"},"394816":{"titulo":"O Brasileir\u00e3o continua depois da Copa do Mundo","link":"https:\/\/www.futebolinterior.com.br\/o-brasileirao-continua-depois-da-copa-do-mundo\/","chapeu":"SEGUE O JOGO","data":"25\/05\/2018","imagem":"https:\/\/images.futebolinterior.com.br\/2021\/04\/0002050315866_img-300x158.jpg","resumo":"Este ano a competi\u00e7\u00e3o local tem os 12 maiores times do Brasil pela primeira vez desde 2012"}}