{"394726":{"titulo":"Palmeiras x Sport - Le\u00e3o vive 'odisseia' para chegar a S\u00e3o Paulo","link":"https:\/\/www.futebolinterior.com.br\/palmeiras-x-sport-leao-vive-odisseia-para-chegar-a-sao-paulo\/","chapeu":"VAI TER JOGO","data":"25\/05\/2018","imagem":"https:\/\/images.futebolinterior.com.br\/2021\/04\/0002050315965_img-300x200.jpg","resumo":"Qualquer escorregada \u00e9 motivo para abalar o dia a dia do Palmeiras"},"394678":{"titulo":"Presidente do Vasco recua e revela que vai reintegrar jogadores punidos","link":"https:\/\/www.futebolinterior.com.br\/presidente-do-vasco-recua-e-revela-que-vai-reintegrar-jogadores-punidos\/","chapeu":"FIM DA PENA","data":"25\/05\/2018","imagem":"https:\/\/images.futebolinterior.com.br\/2021\/04\/0002050315973_img-300x168.jpg","resumo":"Evander, Wellington, Gabriel F\u00e9lix e Paul\u00e3o haviam sido punidos por conta de um post pol\u00eamico nas redes sociais"},"394698":{"titulo":"Corinthians tenta a contrata\u00e7\u00e3o de meia brasileiro que atua na B\u00e9lgica","link":"https:\/\/www.futebolinterior.com.br\/corinthians-tenta-a-contratacao-de-meia-brasileiro-que-atua-na-belgica\/","chapeu":"BOM DE BOLA","data":"25\/05\/2018","imagem":"https:\/\/images.futebolinterior.com.br\/2021\/04\/0002050315970_img-300x155.jpg","resumo":"Renato Neto foi at\u00e9 a Arena Corinthians acompanhar a partida contra o Millonarios, na quinta-feira, pela Copa Libertadores"},"394734":{"titulo":"Ap\u00f3s empate, Am\u00e9rica-MG ganha confian\u00e7a para enfrentar o S\u00e3o Paulo","link":"https:\/\/www.futebolinterior.com.br\/apos-empate-america-mg-ganha-confianca-para-enfrentar-o-sao-paulo\/","chapeu":"AI SIM","data":"25\/05\/2018","imagem":"https:\/\/images.futebolinterior.com.br\/2021\/04\/0002050315968_img-300x199.jpg","resumo":"Com o foco total no Campeonato Brasileiro, o Am\u00e9rica-MG j\u00e1 adotou um discurso cauteloso para o in\u00edcio da temporada: lutar para se manter na primeira divis\u00e3o"},"394692":{"titulo":"Dracena comemora libera\u00e7\u00e3o de Dudu para defender o Palmeiras diante do Sport","link":"https:\/\/www.futebolinterior.com.br\/dracena-comemora-liberacao-de-dudu-para-defender-o-palmeiras-diante-do-sport\/","chapeu":"PODE JOGAR!","data":"25\/05\/2018","imagem":"https:\/\/images.futebolinterior.com.br\/2021\/04\/0002050315962_img-300x180.jpg","resumo":"CBF conseguiu junto \u00e0 Fifa a libera\u00e7\u00e3o de todos os 12 jogadores \"suplentes\" da lista de 35 pr\u00e9-inscritos na Copa do Mundo"},"394694":{"titulo":"Marcos Junior destaca bom ambiente no Flu e defende perman\u00eancia de Paulo Autuori","link":"https:\/\/www.futebolinterior.com.br\/marcos-junior-destaca-bom-ambiente-no-flu-e-defende-permanencia-de-paulo-autuori\/","chapeu":"CLIMA BOM!","data":"25\/05\/2018","imagem":"https:\/\/images.futebolinterior.com.br\/2021\/04\/0002050315958_img-300x192.jpg","resumo":"O atacante Marcos Junior deu fim a um jejum de sete jogos sem marcar na \u00faltima vit\u00f3ria do Fluminense em cima do Atl\u00e9tico-PR, no \u00faltimo domingo, pelo Brasileir\u00e3o"},"394706":{"titulo":"Sport diz que CBF vetou pedido para alterar hor\u00e1rio do jogo com o Palmeiras","link":"https:\/\/www.futebolinterior.com.br\/sport-diz-que-cbf-vetou-pedido-para-alterar-horario-do-jogo-com-o-palmeiras\/","chapeu":"NA BRONCA","data":"25\/05\/2018","imagem":"https:\/\/images.futebolinterior.com.br\/2021\/04\/0002050315960_img-300x164.jpg","resumo":"A viagem da delega\u00e7\u00e3o inicialmente marcada para as 13h45 foi remarcada para as 16h com escala em Salvador"},"394690":{"titulo":"Cear\u00e1 aposta no p\u00e9 quente de Jorginho em estreias para afastar crise","link":"https:\/\/www.futebolinterior.com.br\/ceara-aposta-no-pe-quente-de-jorginho-em-estreias-para-afastar-crise\/","chapeu":"BOM SINAL","data":"25\/05\/2018","imagem":"https:\/\/images.futebolinterior.com.br\/2021\/04\/0002050315957_img-300x202.jpg","resumo":"O substituto de Marcelo Chamusca vai comandar o Voz\u00e3o neste domingo, contra o Gr\u00eamio, no Castel\u00e3o"},"394722":{"titulo":"Fase de Grupos da Libertadores acabou com sexteto brasileiro","link":"https:\/\/www.futebolinterior.com.br\/fase-de-grupos-da-libertadores-acabou-com-sexteto-brasileiro\/","chapeu":"OPINI\u00c3O","data":"25\/05\/2018","imagem":"https:\/\/images.futebolinterior.com.br\/2021\/04\/0002050315941_img-300x169.jpg","resumo":" Seis clubes brasileiros se classificaram: Palmeiras, Gr\u00eamio, Flamengo, Cruzeiro, Santos e Corinthians. "},"394754":{"titulo":"CBF anuncia libera\u00e7\u00e3o para uso no Brasileir\u00e3o de 'suplentes' convocados para Copa","link":"https:\/\/www.futebolinterior.com.br\/cbf-anuncia-liberacao-para-uso-no-brasileirao-de-suplentes-convocados-para-copa\/","chapeu":"UFA","data":"25\/05\/2018","imagem":"https:\/\/images.futebolinterior.com.br\/2021\/04\/0002050315943_img-300x200.jpg","resumo":"Assim, nenhum clube corre o risco de ficar desfalcado de \u00faltima hora por um problema \"burocr\u00e1tico\""}}