{"394823":{"titulo":"Em baixa com a torcida, clube brasileiro quer tirar Hernanes da China","link":"https:\/\/www.futebolinterior.com.br\/em-baixa-com-a-torcida-clube-brasileiro-quer-tirar-hernanes-da-china\/","chapeu":"VOLTANDO?","data":"25\/05\/2018","imagem":"https:\/\/images.futebolinterior.com.br\/2021\/04\/0002050315864_img-300x187.png","resumo":"Eliminado da Copa do Brasil e da Sul-Americana, o Atl\u00e9tico-MG precisa de uma resposta r\u00e1pida para n\u00e3o mergulhar de vez na crise"},"394829":{"titulo":"J. Hawilla, delator que gerou pris\u00e3o de Marin, morre em S\u00e3o Paulo","link":"https:\/\/www.futebolinterior.com.br\/j-hawilla-delator-que-gerou-prisao-de-marin-morre-em-sao-paulo\/","chapeu":"LUTO!","data":"25\/05\/2018","imagem":"https:\/\/images.futebolinterior.com.br\/2021\/04\/0002050315851_img-300x169.jpg","resumo":"O empres\u00e1rio, advogado e jornalista teve participa\u00e7\u00e3o direta na eclos\u00e3o do esc\u00e2ndalo de corrup\u00e7\u00e3o da Fifa"},"394840":{"titulo":"Porto-POR prepara proposta para tirar Victor Luis do Palmeiras","link":"https:\/\/www.futebolinterior.com.br\/porto-por-prepara-proposta-para-tirar-victor-luis-do-palmeiras\/","chapeu":"MAIS UM?","data":"25\/05\/2018","imagem":"https:\/\/images.futebolinterior.com.br\/2021\/04\/0002050315841_img-300x186.jpg","resumo":"No in\u00edcio da semana, a diretoria alviverde acertou a ida de Tch\u00ea Tch\u00ea para o D\u00ednamo de Kiev-UCR"},"394858":{"titulo":"Loss corre contra o tempo pra 'entender o que \u00e9 dirigir o Corinthians'","link":"https:\/\/www.futebolinterior.com.br\/loss-corre-contra-o-tempo-pra-entender-o-que-e-dirigir-o-corinthians\/","chapeu":"BEM-VINDO","data":"25\/05\/2018","imagem":"https:\/\/images.futebolinterior.com.br\/2021\/04\/0002050315824_img-300x200.jpg","resumo":"Osmar Loss viveu os \u00faltimos dias como os mais importantes em sua carreira profissional. Na segunda-feira, ele era somente mais um auxiliar t\u00e9cnico do Corinthians"},"394860":{"titulo":"Palmeiras encara s\u00e9rie complicada antes da pausa para a Copa do Mundo","link":"https:\/\/www.futebolinterior.com.br\/palmeiras-encara-serie-complicada-antes-da-pausa-para-a-copa-do-mundo\/","chapeu":"TESTES","data":"25\/05\/2018","imagem":"https:\/\/images.futebolinterior.com.br\/2021\/04\/0002050315822_img-300x187.jpg","resumo":"Ser\u00e3o seis jogos at\u00e9 13 de junho, quando o campeonato entrar\u00e1 no per\u00edodo de mais de 30 dias de recesso"},"394895":{"titulo":"Ap\u00f3s elimina\u00e7\u00e3o na Copa do Brasil, Am\u00e9rica-MG foca no Brasileir\u00e3o","link":"https:\/\/www.futebolinterior.com.br\/apos-eliminacao-na-copa-do-brasil-america-mg-foca-no-brasileirao\/","chapeu":"\u00c9 O QUE RESTOU","data":"24\/05\/2018","imagem":"https:\/\/images.futebolinterior.com.br\/2021\/04\/0002050315786_img-300x225.jpg","resumo":"O t\u00e9cnico Enderson Moreira acredita que o empate com o Palmeiras fortalece o Coelho apesar da queda na competi\u00e7\u00e3o nacional"},"394905":{"titulo":"Ricardo Oliveira descarta clima de \"decis\u00e3o\" entre Atl\u00e9tico-MG e Flamengo","link":"https:\/\/www.futebolinterior.com.br\/ricardo-oliveira-descarta-clima-de-decisao-entre-atletico-mg-e-flamengo\/","chapeu":"NADA DISSO","data":"24\/05\/2018","imagem":"https:\/\/images.futebolinterior.com.br\/2021\/04\/0002050315784_img-300x197.jpg","resumo":"O treinamento desta quinta-feira foi fechado para a imprensa e Thiago Larghi n\u00e3o deu pistas do time"},"394901":{"titulo":"Chapecoense embarca com d\u00favidas para n\u00e3o entrar na zona de rebaixamento","link":"https:\/\/www.futebolinterior.com.br\/chapecoense-embarca-com-duvidas-para-nao-entrar-na-zona-de-rebaixamento\/","chapeu":"NADA DEFINIDO","data":"24\/05\/2018","imagem":"https:\/\/images.futebolinterior.com.br\/2021\/04\/0002050315783_img-300x200.jpg","resumo":"O Verd\u00e3o do Oeste n\u00e3o tem um bom aproveitamento jogando fora de casa neste in\u00edcio de Brasileir\u00e3o"},"394925":{"titulo":"Elenco do Cruzeiro critica maratona de jogos at\u00e9 a Copa do Mundo","link":"https:\/\/www.futebolinterior.com.br\/elenco-do-cruzeiro-critica-maratona-de-jogos-ate-a-copa-do-mundo\/","chapeu":"COMPLICADO","data":"24\/05\/2018","imagem":"https:\/\/images.futebolinterior.com.br\/2021\/04\/0002050315778_img-300x200.jpg","resumo":"Em duas semanas e meia, o time celeste vai entrar em campo seis vezes pelo Brasileir\u00e3o"},"394911":{"titulo":"Everton volta a treinar com bola e pode refor\u00e7ar Gr\u00eamio contra o Cear\u00e1","link":"https:\/\/www.futebolinterior.com.br\/everton-volta-a-treinar-com-bola-e-pode-reforcar-gremio-contra-o-ceara\/","chapeu":"FAZIA TEMPO!","data":"24\/05\/2018","imagem":"https:\/\/images.futebolinterior.com.br\/2021\/04\/0002050315777_img-300x225.jpg","resumo":"O atacante Everton, se mostrando recuperado fisicamente, voltou a treinar com bola e indicou que poder\u00e1 fazer seu retorno ao time no fim de semana, na partida contra o Cear\u00e1"}}