{"359581":{"titulo":"Ainda sem Dami\u00e3o e Pottker, Inter faz treino visando o Atl\u00e9tico-PR","link":"https:\/\/www.futebolinterior.com.br\/ainda-sem-damiao-e-pottker-inter-faz-treino-visando-o-atletico-pr\/","chapeu":"PREPARA\u00c7\u00c3O","data":"30\/10\/2018","imagem":"https:\/\/images.futebolinterior.com.br\/2021\/04\/0002050351334_img-300x199.jpg","resumo":"Os dois jogadores foram diagnosticados com problemas musculares, foram desfalque na \u00faltima partida"},"359596":{"titulo":"Atl\u00e9tico-MG completa um m\u00eas sem vencer e Levir promete 'tomar atitudes'","link":"https:\/\/www.futebolinterior.com.br\/atletico-mg-completa-um-mes-sem-vencer-e-levir-promete-tomar-atitudes\/","chapeu":"VISH","data":"30\/10\/2018","imagem":"https:\/\/images.futebolinterior.com.br\/2021\/04\/0002050351324_img-300x157.jpg","resumo":"O gol marcado por Cazares na derrota por 2 a 1 para o Cear\u00e1 foi o \u00fanico do Galo em outubro"},"359604":{"titulo":"Jair conta com setor ofensivo do Corinthians refor\u00e7ado para encarar o Botafogo","link":"https:\/\/www.futebolinterior.com.br\/jair-conta-com-setor-ofensivo-do-corinthians-reforcado-para-encarar-o-botafogo\/","chapeu":"UFA","data":"30\/10\/2018","imagem":"https:\/\/images.futebolinterior.com.br\/2021\/04\/0002050351315_img-300x199.jpg","resumo":"O treinador voltar\u00e1 a contar com Jadson, Clayson e Roger para a sequ\u00eancia do Campeonato Brasileiro"},"359643":{"titulo":"Libertadores: Desgaste f\u00edsico e falta de descanso desafiam time do Palmeiras","link":"https:\/\/www.futebolinterior.com.br\/libertadores-desgaste-fisico-e-falta-de-descanso-desafiam-time-do-palmeiras\/","chapeu":"ADVERS\u00c1RIOS","data":"30\/10\/2018","imagem":"https:\/\/images.futebolinterior.com.br\/2021\/04\/0002050351279_img-300x168.jpg","resumo":"O time do t\u00e9cnico Luiz Felipe Scolari tem se desdobrado entre duas competi\u00e7\u00f5es e repete alguns titulares"},"359661":{"titulo":"Victor lamenta derrota do Atl\u00e9tico-MG e cita 'lance de sorte' do Cear\u00e1","link":"https:\/\/www.futebolinterior.com.br\/victor-lamenta-derrota-do-atletico-mg-e-cita-lance-de-sorte-do-ceara\/","chapeu":"POR POUCO","data":"30\/10\/2018","imagem":0,"resumo":"Com o resultado, o Galo terminou a rodada na sexta posi\u00e7\u00e3o, com 46 pontos, mesma pontua\u00e7\u00e3o do Santos"},"359656":{"titulo":"Autor do gol da vit\u00f3ria do Cear\u00e1 se emociona: 'Est\u00e1vamos precisando desses pontos'","link":"https:\/\/www.futebolinterior.com.br\/autor-do-gol-da-vitoria-do-ceara-se-emociona-estavamos-precisando-desses-pontos\/","chapeu":"UFA","data":"29\/10\/2018","imagem":0,"resumo":"Com a vit\u00f3ria desta segunda-feira, a equipe do atacante Leandro Carvalho chega \u00e0 13\u00aa posi\u00e7\u00e3o e se dist\u00e2ncia de vez do Z4"},"359687":{"titulo":"Sele\u00e7\u00e3o FI tem Fred, Dudu, 'vov\u00f4' e destaques da goleada do Santos","link":"https:\/\/www.futebolinterior.com.br\/selecao-fi-tem-fred-dudu-vovo-e-destaques-da-goleada-do-santos\/","chapeu":"QUE TIME!","data":"29\/10\/2018","imagem":"https:\/\/images.futebolinterior.com.br\/2021\/04\/0002050351210_img-300x201.jpg","resumo":"O t\u00e9cnico Cuca foi e escolhido para comandar a equipe na 31\u00aa rodada"},"359669":{"titulo":"Cear\u00e1 2 x 1 Atl\u00e9tico-MG - Voz\u00e3o vence mais uma e fica longe do Z4","link":"https:\/\/www.futebolinterior.com.br\/ceara-2-x-1-atletico-mg-vozao-vence-mais-uma-e-fica-longe-do-z4\/","chapeu":"BEM DEMAIS","data":"29\/10\/2018","imagem":0,"resumo":"Foi a terceira vit\u00f3ria nos \u00faltimos cinco jogos, o que deixa a equipe de Fortaleza com 37 pontos, na 13\u00aa coloca\u00e7\u00e3o"},"359695":{"titulo":"Iago lamenta aus\u00eancias e aposta na for\u00e7a do Inter em casa para bater Atl\u00e9tico-PR","link":"https:\/\/www.futebolinterior.com.br\/iago-lamenta-ausencias-e-aposta-na-forca-do-inter-em-casa-para-bater-atletico-pr\/","chapeu":"COM TUDO","data":"29\/10\/2018","imagem":"https:\/\/images.futebolinterior.com.br\/2021\/04\/0002050351202_img-300x200.jpg","resumo":"\"Os dois s\u00e3o fundamentais para o time, mas temos um grupo qualificado. Tenho certeza que quem entrar vai dar conta do recado\", disse"},"359717":{"titulo":"Elenco do S\u00e3o Paulo faz minuto de sil\u00eancio a Daniel antes do treino","link":"https:\/\/www.futebolinterior.com.br\/elenco-do-sao-paulo-faz-minuto-de-silencio-a-daniel-antes-do-treino\/","chapeu":"HOMENAGEM","data":"29\/10\/2018","imagem":"https:\/\/images.futebolinterior.com.br\/2021\/04\/0002050351178_img-300x193.jpg","resumo":"Abra\u00e7ados, os atletas fizeram um minuto de sil\u00eancio pela morte do jogador, que ainda pertencia ao clube tricolor, mas estava emprestado"}}