{"359518":{"titulo":"Lisca revela acerto para dirigir Cear\u00e1 na temporada 2019","link":"https:\/\/www.futebolinterior.com.br\/lisca-revela-acerto-para-dirigir-ceara-na-temporada-2019\/","chapeu":"OPA!","data":"30\/10\/2018","imagem":"https:\/\/images.futebolinterior.com.br\/2021\/04\/0002050351386_img-300x200.jpg","resumo":"Perto de ser reeleito, Robinson de Castro j\u00e1 conversou com o treinador sobre o pr\u00f3ximo ano"},"359522":{"titulo":"Cear\u00e1 fica com chances m\u00ednimas de rebaixamento; grandes cariocas t\u00eam altos riscos","link":"https:\/\/www.futebolinterior.com.br\/ceara-fica-com-chances-minimas-de-rebaixamento-grandes-cariocas-tem-altos-riscos\/","chapeu":"UMA GUERRA!","data":"30\/10\/2018","imagem":"https:\/\/images.futebolinterior.com.br\/2021\/04\/0002050351379_img-300x200.jpg","resumo":"Enquanto Lisca caminha para livrar o mais uma vez o vov\u00f4, Vasco e Botafogo seguem muito amea\u00e7ados"},"359529":{"titulo":"Jovem atacante Luan Silva volta a ficar \u00e0 disposi\u00e7\u00e3o no Vit\u00f3ria","link":"https:\/\/www.futebolinterior.com.br\/jovem-atacante-luan-silva-volta-a-ficar-a-disposicao-no-vitoria\/","chapeu":"RECUPERADO","data":"30\/10\/2018","imagem":"https:\/\/images.futebolinterior.com.br\/2021\/04\/0002050351375_img-300x200.jpg","resumo":"O elenco treina visando o confronto contra o Paran\u00e1, fora de casa, no pr\u00f3ximo domingo"},"359534":{"titulo":"Torcida do Am\u00e9rica-MG prepara protesto antes do cl\u00e1ssico","link":"https:\/\/www.futebolinterior.com.br\/torcida-do-america-mg-prepara-protesto-antes-do-classico\/","chapeu":"VIXI","data":"30\/10\/2018","imagem":"https:\/\/images.futebolinterior.com.br\/2021\/04\/0002050351373_img-300x196.jpg","resumo":"A manifesta\u00e7\u00e3o vai acontecer na manh\u00e3 de s\u00e1bado, quando ser\u00e1 realizado o \u00faltimo treino antes da partida contra o Cruzeiro"},"359543":{"titulo":"Sete meses ap\u00f3s grave les\u00e3o, Jo\u00e3o Paulo admite ansiedade para voltar ao Botafogo","link":"https:\/\/www.futebolinterior.com.br\/sete-meses-apos-grave-lesao-joao-paulo-admite-ansiedade-para-voltar-ao-botafogo\/","chapeu":"ANSIOSO!","data":"30\/10\/2018","imagem":"https:\/\/images.futebolinterior.com.br\/2021\/04\/0002050351371_img-300x200.jpg","resumo":"O meia Jo\u00e3o Pedro concedeu nesta ter\u00e7a-feira sua primeira entrevista coletiva desde a grave les\u00e3o sofrida em mar\u00e7o. Depois de mais de sete meses de recupera\u00e7\u00e3o, a volta ao futebol "},"359550":{"titulo":"Em alta, Danilo agora quer buscar espa\u00e7o no time titular do Corinthians","link":"https:\/\/www.futebolinterior.com.br\/em-alta-danilo-agora-quer-buscar-espaco-no-time-titular-do-corinthians\/","chapeu":"QUER UMA VAGA!","data":"30\/10\/2018","imagem":"https:\/\/images.futebolinterior.com.br\/2021\/04\/0002050351368_img-300x200.jpg","resumo":"o meia Danilo disse em entrevista coletiva nesta ter\u00e7a-feira que se encontra 100% fisicamente e n\u00e3o quer apenas compor elenco. Aos 39 anos, ele busca a titularidade"},"359555":{"titulo":"Atl\u00e9tico-MG demite Alexandre Gallo e anuncia Marques como diretor de futebol","link":"https:\/\/www.futebolinterior.com.br\/atletico-mg-demite-alexandre-gallo-e-anuncia-marques-como-diretor-de-futebol\/","chapeu":"DEMISS\u00c3O!","data":"30\/10\/2018","imagem":"https:\/\/images.futebolinterior.com.br\/2021\/04\/0002050351364_img-300x177.jpg","resumo":" O Atl\u00e9tico-MG anunciou nesta ter\u00e7a-feira a demiss\u00e3o do diretor de futebol Alexandre Gallo"},"359546":{"titulo":"Palmeiras com uma m\u00e3o na ta\u00e7a; Fla e Inter ainda sonham. Confira as chances!","link":"https:\/\/www.futebolinterior.com.br\/palmeiras-com-uma-mao-na-taca-fla-e-inter-ainda-sonham-confira-as-chances\/","chapeu":"ENGATILHADO","data":"30\/10\/2018","imagem":"https:\/\/images.futebolinterior.com.br\/2021\/04\/0002050351367_img-300x200.jpg","resumo":"Com quatro pontos a mais que o vice-l\u00edder, o Verd\u00e3o tem 87,8% de chances de ficar com o t\u00edtulo do Brasileir\u00e3o"},"359548":{"titulo":"Com 5 virtualmente garantidos, at\u00e9 Corinthians e Cear\u00e1 t\u00eam chances de Libertadores","link":"https:\/\/www.futebolinterior.com.br\/com-5-virtualmente-garantidos-ate-corinthians-e-ceara-tem-chances-de-libertadores\/","chapeu":"PROBABILIDADES","data":"30\/10\/2018","imagem":"https:\/\/images.futebolinterior.com.br\/2021\/04\/0002050351365_img-300x187.jpg","resumo":"O G6 do Campeonato Brasileiro pode se tornar G8 ou G9, o que deixaria o caminho mais f\u00e1cil para times do meio da tabela"},"359576":{"titulo":"Ren\u00ea mant\u00e9m esperan\u00e7a de t\u00edtulo no Flamengo, mas admite: 'Temos que vencer todas'","link":"https:\/\/www.futebolinterior.com.br\/rene-mantem-esperanca-de-titulo-no-flamengo-mas-admite-temos-que-vencer-todas\/","chapeu":"AINDA D\u00c1!","data":"30\/10\/2018","imagem":"https:\/\/images.futebolinterior.com.br\/2021\/04\/0002050351357_img-300x200.jpg","resumo":"O empate diante do Palmeiras, no \u00faltimo s\u00e1bado, diminuiu as chances de t\u00edtulo do Flamengo. A sete rodadas para o fim do Brasileiro, o time carioca est\u00e1 a quatro pontos do l\u00edder"}}